{"id":2132,"date":"2019-06-11T20:52:55","date_gmt":"2019-06-11T20:52:55","guid":{"rendered":"https:\/\/medicalcriteria.com\/web\/?p=1661"},"modified":"2026-02-03T19:22:44","modified_gmt":"2026-02-03T19:22:44","slug":"glim-malnutrition","status":"publish","type":"post","link":"https:\/\/medicalcriteria.com\/web\/es\/glim-malnutrition\/","title":{"rendered":"Criterios GLIM para el Diagn\u00f3stico de Desnutrici\u00f3n"},"content":{"rendered":"<div class=\"7ca9444b8380138fe077da07353677a4\" data-index=\"1\" style=\"float: none; margin:0px 0 0px 0; text-align:center;\">\n<script async src=\"https:\/\/pagead2.googlesyndication.com\/pagead\/js\/adsbygoogle.js\"><\/script>\r\n<!-- MC 2019- Horizontal -->\r\n<ins class=\"adsbygoogle\"\r\n     style=\"display:block\"\r\n     data-ad-client=\"ca-pub-0127150553352455\"\r\n     data-ad-slot=\"3806776041\"\r\n     data-ad-format=\"auto\"\r\n     data-full-width-responsive=\"true\"><\/ins>\r\n<script>\r\n     (adsbygoogle = window.adsbygoogle || []).push({});\r\n<\/script>\n<\/div>\n<p>Esta iniciativa de Liderazgo Global sobre Desnutrici\u00f3n (GLIM, por sus siglas en ingl\u00e9s) apunta a la prioridad de adoptar criterios de consenso global para que la prevalencia de la desnutrici\u00f3n, las intervenciones y los resultados se puedan comparar en todo el mundo.<!--more--><br \/>\n<script async src=\"\/\/pagead2.googlesyndication.com\/pagead\/js\/adsbygoogle.js\"><\/script><br \/>\n<ins class=\"adsbygoogle\" style=\"display: block; text-align: center;\" data-ad-layout=\"in-article\" data-ad-format=\"fluid\" data-ad-client=\"ca-pub-0127150553352455\" data-ad-slot=\"7834404329\"><\/ins><br \/>\n<script>\n     (adsbygoogle = window.adsbygoogle || []).push({});\n<\/script><br \/>\n<strong>Criterios GLIM para el diagn\u00f3stico de desnutrici\u00f3n<\/strong><\/p>\n<p><strong>Criterios fenot\u00edpicos y etiol\u00f3gicos para el diagn\u00f3stico de desnutrici\u00f3n.<\/strong><\/p>\n<p><strong>Criterios fenot\u00edpicos<\/strong><\/p>\n<ul>\n<li>P\u00e9rdida de peso (%): &gt;5% en los \u00faltimos 6 meses, o &gt;10% despu\u00e9s de 6 meses<\/li>\n<li>Bajo \u00edndice de masa corporal (kg\/m<sup>2<\/sup>): &lt;20 si &lt;70 a\u00f1os, o &lt;22 si &gt; 70 a\u00f1os. Asia: &lt;18,5 si &lt;70 a\u00f1os, o &lt;20 si &gt; 70 a\u00f1os<\/li>\n<li>Reducci\u00f3n de la masa muscular<sup>a<\/sup>: Reducida mediante t\u00e9cnicas validadas de medici\u00f3n de la composici\u00f3n corporal.<\/li>\n<\/ul>\n<p><strong>Criterios etiol\u00f3gicos<\/strong><\/p>\n<ul>\n<li>Reducci\u00f3n de la ingesta o asimilaci\u00f3n de alimentos<sup>b,c<\/sup>: \u226450% de RE &gt;1 semana, o cualquier reducci\u00f3n durante&gt; 2 semanas, o cualquier condici\u00f3n GI cr\u00f3nica que tenga un impacto adverso en la asimilaci\u00f3n o absorci\u00f3n de alimentos<\/li>\n<li>Inflamaci\u00f3n<sup>d,e,f<\/sup>: enfermedad\/lesi\u00f3n aguda o relacionada con la enfermedad cr\u00f3nica<\/li>\n<\/ul>\n<p><strong>Diagn\u00f3stico de desnutrici\u00f3n:<\/strong> requiere al menos 1 criterio fenot\u00edpico y 1 criterio etiol\u00f3gico.<\/p>\n<p>Abreviaturas: GI, gastrointestinal, RE, requerimientos energ\u00e9ticos.<\/p>\n<p><sup>a<\/sup> Por ejemplo, \u00edndice de masa libre de grasa (IMLG, kg\/m\u00b2) por absorciometr\u00eda dual de energ\u00eda (DXA) o est\u00e1ndares correspondientes que utilizan otros m\u00e9todos de composici\u00f3n corporal como el an\u00e1lisis de impedancia bioel\u00e9ctrica (BIA), TC o RNM. Cuando no est\u00e9 disponible o por preferencia regional, se puede usar un examen f\u00edsico o medidas antropom\u00e9tricas est\u00e1ndar como circunferencia del m\u00fasculo de la mitad del brazo o la pantorrilla. Los umbrales para la masa muscular reducida deben adaptarse a la raza (Asia). Las evaluaciones funcionales como la fuerza de agarre manual pueden considerarse como una medida de apoyo.<br \/>\n<sup>b<\/sup> Considere los s\u00edntomas gastrointestinales como indicadores de soporte que pueden afectar la ingesta o absorci\u00f3n de alimentos, p. ej. disfagia, n\u00e1useas, v\u00f3mitos, diarrea, constipaci\u00f3n o dolor abdominal. Utilice el juicio cl\u00ednico para discernir la severidad en funci\u00f3n del grado en que la ingesta o la absorci\u00f3n est\u00e9n alteradas. La intensidad de los s\u00edntomas, la frecuencia y la duraci\u00f3n deben ser anotados.<br \/>\n<sup>c<\/sup> La asimilaci\u00f3n reducida de alimentos\/nutrientes se asocia con trastornos malabsortivos como el s\u00edndrome del intestino corto, la insuficiencia pancre\u00e1tica y la cirug\u00eda bari\u00e1trica posterior. Tambi\u00e9n se asocia con trastornos como estenosis esof\u00e1gicas, gastroparesia y seudoobstrucci\u00f3n intestinal. La malabsorci\u00f3n es un diagn\u00f3stico cl\u00ednico que se manifiesta como diarrea cr\u00f3nica o esteatorrea. La malabsorci\u00f3n en aquellos con ostom\u00edas se evidencia por vol\u00famenes elevados de salida. Utilice el juicio cl\u00ednico o la evaluaci\u00f3n adicional para discernir la severidad seg\u00fan la frecuencia, la duraci\u00f3n y la cuantificaci\u00f3n de la grasa fecal y\/o el volumen de p\u00e9rdidas.<br \/>\n<sup>d<\/sup> Enfermedades agudas\/lesiones relacionadas. Es probable que la inflamaci\u00f3n severa se asocie con una infecci\u00f3n mayor, quemaduras, traumatismos o lesiones craneales cerradas. Es probable que otras afecciones relacionadas con enfermedades agudas\/ lesiones relacionadas se asocien con una inflamaci\u00f3n leve a moderada.<br \/>\n<sup>e<\/sup> Relacionados con enfermedades cr\u00f3nicas. La inflamaci\u00f3n severa generalmente no se asocia con enfermedades cr\u00f3nicas. Es probable que la inflamaci\u00f3n cr\u00f3nica o recurrente leve a moderada se asocie con enfermedad maligna, enfermedad pulmonar obstructiva cr\u00f3nica, insuficiencia card\u00edaca congestiva, enfermedad renal cr\u00f3nica o cualquier enfermedad con inflamaci\u00f3n cr\u00f3nica o recurrente. Tenga en cuenta que la inflamaci\u00f3n transitoria de grado leve no cumple con el umbral para este criterio etiol\u00f3gico.<br \/>\n<sup>f<\/sup> La prote\u00edna C reactiva puede usarse como una medida de laboratorio de soporte.<br \/>\n<script async src=\"\/\/pagead2.googlesyndication.com\/pagead\/js\/adsbygoogle.js\"><\/script><br \/>\n<ins class=\"adsbygoogle\" style=\"display: block; text-align: center;\" data-ad-layout=\"in-article\" data-ad-format=\"fluid\" data-ad-client=\"ca-pub-0127150553352455\" data-ad-slot=\"7834404329\"><\/ins><br \/>\n<script>\n     (adsbygoogle = window.adsbygoogle || []).push({});\n<\/script><br \/>\n<strong>Umbrales para la clasificaci\u00f3n de severidad de la desnutrici\u00f3n<\/strong><\/p>\n<table style=\"border-collapse: collapse; width: 100%;\" border=\"1\">\n<tbody>\n<tr style=\"height: 24px;\">\n<td style=\"width: 152px; height: 24px;\"><\/td>\n<td style=\"width: 154px; height: 24px;\"><span style=\"font-size: 12pt;\"><strong>Criterios fenot\u00edpicos<\/strong><\/span><\/td>\n<td style=\"width: 95px; height: 24px;\"><\/td>\n<td style=\"width: 143px; height: 24px;\"><\/td>\n<\/tr>\n<tr style=\"height: 72px;\">\n<td style=\"width: 152px; height: 72px;\"><\/td>\n<td style=\"width: 154px; height: 72px;\"><span style=\"font-size: 12pt;\"><strong>P\u00e9rdida de peso (%)<\/strong><\/span><\/td>\n<td style=\"width: 95px; height: 72px;\"><span style=\"font-size: 12pt;\"><strong>Bajo \u00edndice de masa corporal (kg\/m2)<\/strong><\/span><\/td>\n<td style=\"width: 143px; height: 72px;\"><span style=\"font-size: 12pt;\"><strong>Masa muscular reducida*<\/strong><\/span><\/td>\n<\/tr>\n<tr style=\"height: 72px;\">\n<td style=\"width: 152px; height: 72px;\"><span style=\"font-size: 12pt;\"><strong>Etapa 1 \/Desnutrici\u00f3n moderada<\/strong><\/span><br \/>\n<span style=\"font-size: 12pt;\">(Requiere 1 criterio fenot\u00edpico que cumpla con este grado)<\/span><\/td>\n<td style=\"width: 154px; height: 72px;\"><span style=\"font-size: 12pt;\">5-10% en los \u00faltimos 6 meses,<\/span><br \/>\n<span style=\"font-size: 12pt;\">o 10-20% m\u00e1s all\u00e1 de 6 meses<\/span><\/td>\n<td style=\"width: 95px; height: 72px;\"><span style=\"font-size: 12pt;\">&lt;20 si &lt; 70 a\u00f1os,<\/span><br \/>\n<span style=\"font-size: 12pt;\">&lt;22 si \u2265 70 a\u00f1os<\/span><\/td>\n<td style=\"width: 143px; height: 72px;\"><span style=\"font-size: 12pt;\">D\u00e9ficit leve a moderado (seg\u00fan m\u00e9todos de evaluaci\u00f3n validados)<\/span><\/td>\n<\/tr>\n<tr style=\"height: 72px;\">\n<td style=\"width: 152px; height: 72px;\"><span style=\"font-size: 12pt;\"><strong>Etapa 2 \/Desnutrici\u00f3n severa<\/strong><\/span><br \/>\n<span style=\"font-size: 12pt;\">(Requiere 1 criterio fenot\u00edpico que cumpla con este grado)<\/span><\/td>\n<td style=\"width: 154px; height: 72px;\"><span style=\"font-size: 12pt;\">&gt; 10% en los \u00faltimos 6 meses,<\/span><br \/>\n<span style=\"font-size: 12pt;\">o &gt; 20% m\u00e1s all\u00e1 de 6 meses<\/span><\/td>\n<td style=\"width: 95px; height: 72px;\"><span style=\"font-size: 12pt;\">&lt;18,5 si &lt; 70 a\u00f1os,<\/span><br \/>\n<span style=\"font-size: 12pt;\">&lt;20 si \u2265 70 a\u00f1os<\/span><\/td>\n<td style=\"width: 143px; height: 72px;\"><span style=\"font-size: 12pt;\">D\u00e9ficit severo (por m\u00e9todos de evaluaci\u00f3n validados)<\/span><\/td>\n<\/tr>\n<\/tbody>\n<\/table>\n<p>* Por ejemplo, el \u00edndice masa magra apendicular (MMA, kg\/m2) por absorciometr\u00eda dual de energ\u00eda o est\u00e1ndares correspondientes utilizando otros m\u00e9todos de composici\u00f3n corporal como el an\u00e1lisis de impedancia bioel\u00e9ctrica (IBE), TC o RNM. Cuando no est\u00e9 disponible o por preferencia regional, se puede usar un examen f\u00edsico o medidas antropom\u00e9tricas est\u00e1ndar como las circunferencias de la mitad del m\u00fasculo del brazo o de la pantorrilla. Las evaluaciones funcionales, como la fuerza de la empu\u00f1adura, pueden usarse como una medida de soporte.<\/p>\n<p><script async src=\"\/\/pagead2.googlesyndication.com\/pagead\/js\/adsbygoogle.js\"><\/script><br \/>\n<ins class=\"adsbygoogle\" style=\"display: block; text-align: center;\" data-ad-layout=\"in-article\" data-ad-format=\"fluid\" data-ad-client=\"ca-pub-0127150553352455\" data-ad-slot=\"7834404329\"><\/ins><br \/>\n<script>\n     (adsbygoogle = window.adsbygoogle || []).push({});\n<\/script><br \/>\n<strong>Bibliograf\u00eda:<\/strong><\/p>\n<ol>\n<li>Cederholm T, Jensen GL, Correia MITD, Gonzalez MC, Fukushima R, Higashiguchi T, Baptista G, Barazzoni R, Blaauw R, Coats A, Crivelli A, Evans DC, Gramlich L, Fuchs-Tarlovsky V, Keller H, Llido L, Malone A, Mogensen KM, Morley JE, Muscaritoli M, Nyulasi I, Pirlich M, Pisprasert V, de van der Schueren MAE, Siltharm S, Singer P, Tappenden K, Velasco N, Waitzberg D, Yamwong P, Yu J, Van Gossum A, Compher C; GLIM Core Leadership Committee; GLIM Working Group. GLIM criteria for the diagnosis of malnutrition &#8211; A consensus report from the global clinical nutrition community.\u00a0Clin Nutr. 2019 Feb;38(1):1-9. <a href=\"https:\/\/pubmed.ncbi.nlm.nih.gov\/30181091\/\" target=\"_blank\" rel=\"noopener noreferrer\">[Medline]<\/a><\/li>\n<li>Cederholm T, Jensen GL, Correia MITD, Gonzalez MC, Fukushima R, Higashiguchi T, Baptista G, Barazzoni R, Blaauw R, Coats AJS, Crivelli AN, Evans DC, Gramlich L, Fuchs-Tarlovsky V, Keller H, Llido L, Malone A, Mogensen KM, Morley JE, Muscaritoli M, Nyulasi I, Pirlich M, Pisprasert V, de van der Schueren MAE, Siltharm S, Singer P, Tappenden K, Velasco N, Waitzberg D, Yamwong P, Yu J, Van Gossum A, Compher C; GLIM Core Leadership Committee, GLIM Working Group. GLIM criteria for the diagnosis of malnutrition &#8211; A consensus report from the global clinical nutrition community.\u00a0J Cachexia Sarcopenia Muscle. 2019 Feb;10(1):207-217. <a href=\"https:\/\/pubmed.ncbi.nlm.nih.gov\/30920778\/\" target=\"_blank\" rel=\"noopener noreferrer\">[Medline]<\/a><\/li>\n<li>Huo Z, Chong F, Yin L, Lu Z, Liu J, Xu H. Accuracy of the GLIM criteria for diagnosing malnutrition: A systematic review and meta-analysis. Clin Nutr. 2022 Jun;41(6):1208-1217. <a href=\"https:\/\/pubmed.ncbi.nlm.nih.gov\/35504163\/\" target=\"_blank\" rel=\"noopener\">[Medline]<\/a><\/li>\n<\/ol>\n<p>&nbsp;<\/p>\n<p>Creado: Jun 6, 2019.<br \/>\nActualizado: Feb 3, 2026.<\/p>\n\n<div style=\"font-size: 0px; height: 0px; line-height: 0px; margin: 0; padding: 0; clear: both;\"><\/div>","protected":false},"excerpt":{"rendered":"<p>Esta iniciativa de Liderazgo Global sobre Desnutrici\u00f3n (GLIM, por sus siglas en ingl\u00e9s) apunta a la prioridad de adoptar criterios de consenso global para que la prevalencia de la desnutrici\u00f3n, las intervenciones y los resultados se puedan comparar en todo el mundo.<\/p>\n","protected":false},"author":2,"featured_media":0,"comment_status":"closed","ping_status":"open","sticky":false,"template":"","format":"standard","meta":{"_lmt_disableupdate":"no","_lmt_disable":"no","_exactmetrics_skip_tracking":false,"_exactmetrics_sitenote_active":false,"_exactmetrics_sitenote_note":"","_exactmetrics_sitenote_category":0,"footnotes":""},"categories":[98],"tags":[16,15,185,123,13,187,186],"class_list":["post-2132","post","type-post","status-publish","format-standard","hentry","category-nutrition","tag-criteria","tag-criterios","tag-desnutricion","tag-diagnosis","tag-diagnostico","tag-glim","tag-malnutrition"],"modified_by":"Guillermo Firman","_links":{"self":[{"href":"https:\/\/medicalcriteria.com\/web\/es\/wp-json\/wp\/v2\/posts\/2132","targetHints":{"allow":["GET"]}}],"collection":[{"href":"https:\/\/medicalcriteria.com\/web\/es\/wp-json\/wp\/v2\/posts"}],"about":[{"href":"https:\/\/medicalcriteria.com\/web\/es\/wp-json\/wp\/v2\/types\/post"}],"author":[{"embeddable":true,"href":"https:\/\/medicalcriteria.com\/web\/es\/wp-json\/wp\/v2\/users\/2"}],"replies":[{"embeddable":true,"href":"https:\/\/medicalcriteria.com\/web\/es\/wp-json\/wp\/v2\/comments?post=2132"}],"version-history":[{"count":3,"href":"https:\/\/medicalcriteria.com\/web\/es\/wp-json\/wp\/v2\/posts\/2132\/revisions"}],"predecessor-version":[{"id":10618,"href":"https:\/\/medicalcriteria.com\/web\/es\/wp-json\/wp\/v2\/posts\/2132\/revisions\/10618"}],"wp:attachment":[{"href":"https:\/\/medicalcriteria.com\/web\/es\/wp-json\/wp\/v2\/media?parent=2132"}],"wp:term":[{"taxonomy":"category","embeddable":true,"href":"https:\/\/medicalcriteria.com\/web\/es\/wp-json\/wp\/v2\/categories?post=2132"},{"taxonomy":"post_tag","embeddable":true,"href":"https:\/\/medicalcriteria.com\/web\/es\/wp-json\/wp\/v2\/tags?post=2132"}],"curies":[{"name":"wp","href":"https:\/\/api.w.org\/{rel}","templated":true}]}}