{"id":2199,"date":"2018-06-01T22:54:02","date_gmt":"2018-06-01T22:54:02","guid":{"rendered":"https:\/\/medicalcriteria.com\/web\/?p=1088"},"modified":"2025-09-02T20:05:35","modified_gmt":"2025-09-02T20:05:35","slug":"alzheimer","status":"publish","type":"post","link":"https:\/\/medicalcriteria.com\/web\/es\/alzheimer\/","title":{"rendered":"Criterios Revisados para el Diagn\u00f3stico de Enfermedad de Alzheimer (EA)"},"content":{"rendered":"<div class=\"7ca9444b8380138fe077da07353677a4\" data-index=\"1\" style=\"float: none; margin:0px 0 0px 0; text-align:center;\">\n<script async src=\"https:\/\/pagead2.googlesyndication.com\/pagead\/js\/adsbygoogle.js\"><\/script>\r\n<!-- MC 2019- Horizontal -->\r\n<ins class=\"adsbygoogle\"\r\n     style=\"display:block\"\r\n     data-ad-client=\"ca-pub-0127150553352455\"\r\n     data-ad-slot=\"3806776041\"\r\n     data-ad-format=\"auto\"\r\n     data-full-width-responsive=\"true\"><\/ins>\r\n<script>\r\n     (adsbygoogle = window.adsbygoogle || []).push({});\r\n<\/script>\n<\/div>\n<p>El National Institute on Aging and the Alzheimer\u2019s Association (NIA-AA) se encarg\u00f3 en desarrollar criterios para la fase de predemencia sintom\u00e1tica de la enfermedad de Alzheimer (EA), referida en este art\u00edculo como deterioro cognitivo leve debido a la enfermedad de Alzheimer.<br \/>\n<!--more--><br \/>\n<strong>Probable demencia por EA<\/strong>\u00a0 es un s\u00edndrome de demencia definido por las siguientes caracter\u00edsticas:<\/p>\n<ul>\n<li>Interferencia con la capacidad de funcionar en el trabajo o en las actividades habituales<\/li>\n<li>Disminuci\u00f3n a un nivel anterior de funcionamiento y rendimiento<\/li>\n<li>No explicado por delirio o trastorno psiqui\u00e1trico mayor<\/li>\n<li>Deterioro cognitivo establecido por la toma de la historia del paciente y un informante informado; y examen de estado mental de cabecera objetivo o pruebas neuropsicol\u00f3gicas<\/li>\n<li>Deterioro cognitivo que involucra un m\u00ednimo de dos de los siguientes dominios:\n<ul style=\"list-style-type: circle;\">\n<li>Capacidad limitada para adquirir y recordar nueva informaci\u00f3n<\/li>\n<li>Deterioro del razonamiento y realizaci\u00f3n de tareas complejas, falta de juicio<\/li>\n<li>Habilidades visoespaciales deterioradas<\/li>\n<li>Funciones de lenguaje deterioradas<\/li>\n<li>Cambios en la personalidad, el comportamiento o en la conducta<\/li>\n<\/ul>\n<\/li>\n<\/ul>\n<p>Otros criterios cl\u00ednicos principales incluyen:<\/p>\n<ul>\n<li>Comienzo insidioso<\/li>\n<li>Historia clara de deterioro<\/li>\n<li>Los d\u00e9ficits cognitivos iniciales y m\u00e1s prominentes son uno de los siguientes:\n<ul style=\"list-style-type: circle;\">\n<li>Presentaci\u00f3n amn\u00e9sica (es decir, deterioro en el aprendizaje y recuerdo de informaci\u00f3n recientemente aprendida)<\/li>\n<li>Las presentaciones no amn\u00e9sicas incluyen una presentaci\u00f3n en el idioma, con d\u00e9ficits importantes en b\u00fasqueda de palabras; una presentaci\u00f3n visoespacial, con d\u00e9ficits cognitivos visuales; o una presentaci\u00f3n disejecutiva, con un deterioro importante del razonamiento, el juicio y\/o la resoluci\u00f3n de problemas<\/li>\n<\/ul>\n<\/li>\n<li>No hay evidencia de enfermedad cerebrovascular concomitante importante, caracter\u00edsticas principales de la demencia con cuerpos de Lewy (DCL), caracter\u00edsticas prominentes de la demencia frontotemporal variante conductual o caracter\u00edsticas prominentes de variantes sem\u00e1nticas o no fluctuantes\/agram\u00e1ticas de afasia primaria progresiva, o evidencia de otro trastorno concurrente neurol\u00f3gico activo o enfermedad no neurol\u00f3gica o uso de medicamentos que podr\u00edan tener un efecto sustancial en la cognici\u00f3n.<\/li>\n<\/ul>\n<p><strong>Posible demencia por EA<\/strong> incluye cualquiera de los siguientes escenarios cl\u00ednicos:<\/p>\n<ul>\n<li><strong>Curso at\u00edpico:<\/strong> los criterios cl\u00ednicos principales anteriores se cumplen en t\u00e9rminos de la naturaleza de los d\u00e9ficits cognitivos, pero hay una aparici\u00f3n repentina de deterioro cognitivo o detalles hist\u00f3ricos insuficientes o documentaci\u00f3n objetiva de deterioro progresivo.<\/li>\n<li><strong>Presentaci\u00f3n etiol\u00f3gicamente mixta:<\/strong> se cumplen todos los criterios cl\u00ednicos principales para la demencia por EA, pero el individuo tambi\u00e9n tiene evidencia de enfermedad cerebrovascular concomitante, caracter\u00edsticas del DCL distintas de la demencia en s\u00ed, o evidencia de otra comorbilidad neurol\u00f3gica o m\u00e9dica o medicaci\u00f3n que podr\u00eda tener una sustancial efecto sobre la cognici\u00f3n<\/li>\n<\/ul>\n<p>&nbsp;<\/p>\n<p><strong>Bibliograf\u00eda:<\/strong><\/p>\n<ol>\n<li>McKhann GM, Knopman DS, Chertkow H, Hyman BT, Jack CR Jr, Kawas CH, Klunk WE, Koroshetz WJ, Manly JJ, Mayeux R, Mohs RC, Morris JC, Rossor MN, Scheltens P, Carrillo MC, Thies B, Weintraub S, Phelps CH. The diagnosis of dementia due to Alzheimer&#8217;s disease: recommendations from the National Institute on Aging-Alzheimer&#8217;s Association workgroups on diagnostic guidelines for Alzheimer&#8217;s disease.\u00a0Alzheimers Dement. 2011 May;7(3):263-9. <a href=\"https:\/\/pubmed.ncbi.nlm.nih.gov\/21514250\/\" target=\"_blank\" rel=\"noopener noreferrer\">[Medline]<\/a><\/li>\n<li>Morris JC. Revised criteria for mild cognitive impairment may compromise the diagnosis of Alzheimer disease dementia.\u00a0Arch Neurol. 2012 Jun;69(6):700-8. <a href=\"https:\/\/pubmed.ncbi.nlm.nih.gov\/22312163\/\" target=\"_blank\" rel=\"noopener noreferrer\">[Medline]<\/a><\/li>\n<li>Jack CR Jr, Andrews JS, Beach TG, Buracchio T, Dunn B, Graf A, Hansson O, Ho C, Jagust W, McDade E, Molinuevo JL, Okonkwo OC, Pani L, Rafii MS, Scheltens P, Siemers E, Snyder HM, Sperling R, Teunissen CE, Carrillo MC. Revised criteria for diagnosis and staging of Alzheimer&#8217;s disease: Alzheimer&#8217;s Association Workgroup. Alzheimers Dement. 2024 Aug;20(8):5143-5169. <a href=\"https:\/\/pubmed.ncbi.nlm.nih.gov\/38934362\/\" target=\"_blank\" rel=\"noopener\">[Medline]<\/a><\/li>\n<\/ol>\n<p>&nbsp;<\/p>\n<p>Creado: May 24, 2018.<br \/>\nActualizado: Sep 02, 2025.<\/p>\n\n<div style=\"font-size: 0px; height: 0px; line-height: 0px; margin: 0; padding: 0; clear: both;\"><\/div>","protected":false},"excerpt":{"rendered":"<p>El National Institute on Aging and the Alzheimer\u2019s Association (NIA-AA) se encarg\u00f3 en desarrollar criterios para la fase de predemencia sintom\u00e1tica de la enfermedad de Alzheimer (EA), referida en este art\u00edculo como deterioro cognitivo leve debido a la enfermedad de Alzheimer.<\/p>\n","protected":false},"author":2,"featured_media":0,"comment_status":"closed","ping_status":"open","sticky":false,"template":"","format":"standard","meta":{"_lmt_disableupdate":"no","_lmt_disable":"no","_exactmetrics_skip_tracking":false,"_exactmetrics_sitenote_active":false,"_exactmetrics_sitenote_note":"","_exactmetrics_sitenote_category":0,"footnotes":""},"categories":[76],"tags":[460,459,16,15,137,136,123,13,51,458,50,8,7],"class_list":["post-2199","post","type-post","status-publish","format-standard","hentry","category-psychiatry","tag-ad","tag-alzheimer","tag-criteria","tag-criterios","tag-demencia","tag-dementia","tag-diagnosis","tag-diagnostico","tag-disease","tag-ea","tag-enfermedad","tag-revisados","tag-revised"],"modified_by":"Guillermo Firman","_links":{"self":[{"href":"https:\/\/medicalcriteria.com\/web\/es\/wp-json\/wp\/v2\/posts\/2199","targetHints":{"allow":["GET"]}}],"collection":[{"href":"https:\/\/medicalcriteria.com\/web\/es\/wp-json\/wp\/v2\/posts"}],"about":[{"href":"https:\/\/medicalcriteria.com\/web\/es\/wp-json\/wp\/v2\/types\/post"}],"author":[{"embeddable":true,"href":"https:\/\/medicalcriteria.com\/web\/es\/wp-json\/wp\/v2\/users\/2"}],"replies":[{"embeddable":true,"href":"https:\/\/medicalcriteria.com\/web\/es\/wp-json\/wp\/v2\/comments?post=2199"}],"version-history":[{"count":5,"href":"https:\/\/medicalcriteria.com\/web\/es\/wp-json\/wp\/v2\/posts\/2199\/revisions"}],"predecessor-version":[{"id":10549,"href":"https:\/\/medicalcriteria.com\/web\/es\/wp-json\/wp\/v2\/posts\/2199\/revisions\/10549"}],"wp:attachment":[{"href":"https:\/\/medicalcriteria.com\/web\/es\/wp-json\/wp\/v2\/media?parent=2199"}],"wp:term":[{"taxonomy":"category","embeddable":true,"href":"https:\/\/medicalcriteria.com\/web\/es\/wp-json\/wp\/v2\/categories?post=2199"},{"taxonomy":"post_tag","embeddable":true,"href":"https:\/\/medicalcriteria.com\/web\/es\/wp-json\/wp\/v2\/tags?post=2199"}],"curies":[{"name":"wp","href":"https:\/\/api.w.org\/{rel}","templated":true}]}}