{"id":22,"date":"2009-02-20T23:56:04","date_gmt":"2009-02-20T23:56:04","guid":{"rendered":"https:\/\/medicalcriteria.com\/web\/pulgina\/"},"modified":"2025-05-14T21:04:52","modified_gmt":"2025-05-14T21:04:52","slug":"pulgina","status":"publish","type":"post","link":"https:\/\/medicalcriteria.com\/web\/es\/pulgina\/","title":{"rendered":"Clasificaci\u00f3n de la Severidad del Asma Bronquial (GINA)"},"content":{"rendered":"<div class=\"7ca9444b8380138fe077da07353677a4\" data-index=\"1\" style=\"float: none; margin:0px 0 0px 0; text-align:center;\">\n<script async src=\"https:\/\/pagead2.googlesyndication.com\/pagead\/js\/adsbygoogle.js\"><\/script>\r\n<!-- MC 2019- Horizontal -->\r\n<ins class=\"adsbygoogle\"\r\n     style=\"display:block\"\r\n     data-ad-client=\"ca-pub-0127150553352455\"\r\n     data-ad-slot=\"3806776041\"\r\n     data-ad-format=\"auto\"\r\n     data-full-width-responsive=\"true\"><\/ins>\r\n<script>\r\n     (adsbygoogle = window.adsbygoogle || []).push({});\r\n<\/script>\n<\/div>\n<p>La Iniciativa Global para el Asma (GINA) trabaja con profesionales de la salud y funcionarios de salud p\u00fablica de todo el mundo para reducir la prevalencia del asma, la morbilidad y la mortalidad.\u00a0El patr\u00f3n oro en la clasificaci\u00f3n de la gravedad del asma es la clasificaci\u00f3n GINA.<\/p>\n<p><!--more--><\/p>\n<table style=\"border-collapse: collapse; width: 100%;\" border=\"1\">\n<tbody>\n<tr>\n<td><\/td>\n<td><strong>S\u00edntomas\/Diurnos<br \/>\n<\/strong><\/td>\n<td><strong>S\u00edntomas\/Nocturnos<br \/>\n<\/strong><\/td>\n<td><strong>PEF o FEV1<\/strong><\/td>\n<td><strong>Variabilidad PEF<br \/>\n<\/strong><\/td>\n<\/tr>\n<tr>\n<td><strong>PASO 1<\/strong><\/p>\n<p>Intermitente<\/td>\n<td>&lt; 1 vez a la semana<\/p>\n<p>Asintom\u00e1tico y PEF normal entre ataques<\/td>\n<td>\u00a0&lt;\/= 2 veces al mes<\/td>\n<td>\u00a0&gt;\/= 80%<\/td>\n<td>\u00a0&lt; 20%<\/td>\n<\/tr>\n<tr>\n<td><strong>PASO 2<\/strong><\/p>\n<p>Leve Persistente<\/td>\n<td>&gt; 1 vez a la semana pero &lt; 1 vez al d\u00eda<\/p>\n<p>Los ataques pueden afectar la actividad<\/td>\n<td>\u00a0&gt; 2 veces al mes<\/td>\n<td>\u00a0&gt;\/= 80%<\/td>\n<td>\u00a020-30%<\/td>\n<\/tr>\n<tr>\n<td><strong>PASO 3<\/strong><\/p>\n<p>Moderado Persistente<\/td>\n<td>Diarios<\/p>\n<p>Los ataques afectan la actividad<\/td>\n<td>\u00a0&gt; 1 vez a la semana<\/td>\n<td>\u00a060%-80%<\/td>\n<td>\u00a0&gt; 30%<\/td>\n<\/tr>\n<tr>\n<td><strong>PASO 4<\/strong><\/p>\n<p>Severo Persistente<\/td>\n<td>Continuos<\/p>\n<p>Actividad f\u00edsica limitada<\/td>\n<td>\u00a0Frecuentes<\/td>\n<td>&lt;\/= 60%<\/td>\n<td>\u00a0&gt; 30%<\/td>\n<\/tr>\n<\/tbody>\n<\/table>\n<p>Abreviaturas: FEV1: Volumen Espiratorio Forzado en el premier segundo, PEF: Flujo Espiratorio Pico<\/p>\n<ul>\n<li>La presencia de una de las caracter\u00edsticas de severidad es suficiente para encasillar al paciente en esa categor\u00eda.<\/li>\n<li>Los pacientes de cualquier nivel de severidad aunque presenten asma intermitente pueden presentar ataques severos<\/li>\n<\/ul>\n<p>&nbsp;<\/p>\n<p>&nbsp;<\/p>\n<p><strong>Bibliograf\u00eda:<\/strong><\/p>\n<ol>\n<li>Masoli M, Fabian D, Holt S, Beasley R; Global Initiative for Asthma (GINA) Program. The global burden of asthma: executive summary of the GINA Dissemination Committee report. Allergy. 2004 May;59(5):469-78. <a href=\"https:\/\/pubmed.ncbi.nlm.nih.gov\/15080825\/\" target=\"_blank\" rel=\"noopener noreferrer\">[Medline]<\/a><\/li>\n<li>Bousquet J. Global initiative for asthma (GINA) and its objectives. Clin Exp Allergy. 2000 Jun;30 Suppl 1:2-5. <a href=\"https:\/\/pubmed.ncbi.nlm.nih.gov\/10849466\/\" target=\"_blank\" rel=\"noopener noreferrer\">[Medline]<\/a><\/li>\n<\/ol>\n<p>&nbsp;<\/p>\n<p>Creado: Agosto 12, 2005<\/p>\n\n<div style=\"font-size: 0px; height: 0px; line-height: 0px; margin: 0; padding: 0; clear: both;\"><\/div>","protected":false},"excerpt":{"rendered":"<p>La Iniciativa Global para el Asma (GINA) trabaja con profesionales de la salud y funcionarios de salud p\u00fablica de todo el mundo para reducir la prevalencia del asma, la morbilidad y la mortalidad.\u00a0El patr\u00f3n oro en la clasificaci\u00f3n de la gravedad del asma es la clasificaci\u00f3n GINA.<\/p>\n","protected":false},"author":2,"featured_media":0,"comment_status":"closed","ping_status":"closed","sticky":false,"template":"","format":"standard","meta":{"_lmt_disableupdate":"no","_lmt_disable":"no","_exactmetrics_skip_tracking":false,"_exactmetrics_sitenote_active":false,"_exactmetrics_sitenote_note":"","_exactmetrics_sitenote_category":0,"footnotes":""},"categories":[233],"tags":[962,961,166,167,1916,29,226,180],"class_list":["post-22","post","type-post","status-publish","format-standard","hentry","category-pulmonary","tag-asma","tag-asthma","tag-clasificacion","tag-classification","tag-gina","tag-pulmonary","tag-severidad","tag-severity"],"modified_by":"Guillermo Firman","_links":{"self":[{"href":"https:\/\/medicalcriteria.com\/web\/es\/wp-json\/wp\/v2\/posts\/22","targetHints":{"allow":["GET"]}}],"collection":[{"href":"https:\/\/medicalcriteria.com\/web\/es\/wp-json\/wp\/v2\/posts"}],"about":[{"href":"https:\/\/medicalcriteria.com\/web\/es\/wp-json\/wp\/v2\/types\/post"}],"author":[{"embeddable":true,"href":"https:\/\/medicalcriteria.com\/web\/es\/wp-json\/wp\/v2\/users\/2"}],"replies":[{"embeddable":true,"href":"https:\/\/medicalcriteria.com\/web\/es\/wp-json\/wp\/v2\/comments?post=22"}],"version-history":[{"count":4,"href":"https:\/\/medicalcriteria.com\/web\/es\/wp-json\/wp\/v2\/posts\/22\/revisions"}],"predecessor-version":[{"id":9370,"href":"https:\/\/medicalcriteria.com\/web\/es\/wp-json\/wp\/v2\/posts\/22\/revisions\/9370"}],"wp:attachment":[{"href":"https:\/\/medicalcriteria.com\/web\/es\/wp-json\/wp\/v2\/media?parent=22"}],"wp:term":[{"taxonomy":"category","embeddable":true,"href":"https:\/\/medicalcriteria.com\/web\/es\/wp-json\/wp\/v2\/categories?post=22"},{"taxonomy":"post_tag","embeddable":true,"href":"https:\/\/medicalcriteria.com\/web\/es\/wp-json\/wp\/v2\/tags?post=22"}],"curies":[{"name":"wp","href":"https:\/\/api.w.org\/{rel}","templated":true}]}}