{"id":2202,"date":"2018-04-25T20:21:30","date_gmt":"2018-04-25T20:21:30","guid":{"rendered":"https:\/\/medicalcriteria.com\/web\/?p=1052"},"modified":"2026-02-12T19:12:23","modified_gmt":"2026-02-12T19:12:23","slug":"perry-syndrome","status":"publish","type":"post","link":"https:\/\/medicalcriteria.com\/web\/es\/perry-syndrome\/","title":{"rendered":"Criterios Diagn\u00f3stico para el S\u00edndrome Perry"},"content":{"rendered":"<div class=\"7ca9444b8380138fe077da07353677a4\" data-index=\"1\" style=\"float: none; margin:0px 0 0px 0; text-align:center;\">\n<script async src=\"https:\/\/pagead2.googlesyndication.com\/pagead\/js\/adsbygoogle.js\"><\/script>\r\n<!-- MC 2019- Horizontal -->\r\n<ins class=\"adsbygoogle\"\r\n     style=\"display:block\"\r\n     data-ad-client=\"ca-pub-0127150553352455\"\r\n     data-ad-slot=\"3806776041\"\r\n     data-ad-format=\"auto\"\r\n     data-full-width-responsive=\"true\"><\/ins>\r\n<script>\r\n     (adsbygoogle = window.adsbygoogle || []).push({});\r\n<\/script>\n<\/div>\n<p>El s\u00edndrome de Perry se caracteriza por parkinsonismo r\u00e1pidamente progresivo a menudo acompa\u00f1ado de depresi\u00f3n\/apat\u00eda, p\u00e9rdida de peso e hipoventilaci\u00f3n central.<!--more--><br \/>\n<strong>Criterios Diagn\u00f3stico para el S\u00edndrome Perry<\/strong><\/p>\n<table style=\"border-collapse: collapse; width: 100%;\" border=\"1\">\n<tbody>\n<tr>\n<td style=\"width: 62.3288%;\" colspan=\"2\"><strong> Caracter\u00edsticas cl\u00ednicas<\/strong><\/td>\n<td style=\"width: 37.6712%;\"><strong>Caracter\u00edsticas del laboratorio<\/strong><\/td>\n<\/tr>\n<tr>\n<td style=\"width: 31.5068%;\">\u00a0Cardinal<\/td>\n<td style=\"width: 30.8219%;\">Soporte<\/td>\n<td style=\"width: 37.6712%;\">\u00a0Cardinal<\/td>\n<\/tr>\n<tr>\n<td style=\"width: 31.5068%;\">\u00a0(A) Parkinsonismo<\/td>\n<td style=\"width: 30.8219%;\">(a) Progresi\u00f3n r\u00e1pida de la enfermedad dentro de los 5 a\u00f1os del inicio<\/td>\n<td style=\"width: 37.6712%;\">(1) Prueba gen\u00e9tica: mutaci\u00f3n en el gen DCTN1<\/td>\n<\/tr>\n<tr>\n<td style=\"width: 31.5068%;\">(B) Apat\u00eda o depresi\u00f3n<\/td>\n<td style=\"width: 30.8219%;\">(b) Inicio m\u00e1s joven de 50 a\u00f1os<\/td>\n<td style=\"width: 37.6712%;\">(2) Patolog\u00eda: p\u00e9rdida neuronal nigral y patolog\u00eda TDP-43 en el tronco encef\u00e1lico y los ganglios basales<\/td>\n<\/tr>\n<tr>\n<td style=\"width: 31.5068%;\">(C) S\u00edntomas respiratorios<\/td>\n<td style=\"width: 30.8219%;\"><\/td>\n<td style=\"width: 37.6712%;\"><\/td>\n<\/tr>\n<tr>\n<td style=\"width: 31.5068%;\">(D) p\u00e9rdida de peso inesperada<\/td>\n<td style=\"width: 30.8219%;\"><\/td>\n<td style=\"width: 37.6712%;\"><\/td>\n<\/tr>\n<tr>\n<td style=\"width: 31.5068%;\">(E) Antecedentes familiares positivos de parkinsonismo o s\u00edntomas respiratorios<\/td>\n<td style=\"width: 30.8219%;\"><\/td>\n<td style=\"width: 37.6712%;\"><\/td>\n<\/tr>\n<\/tbody>\n<\/table>\n<p><strong>Definitivo:<\/strong> presencia de (A) y (E) m\u00e1s la caracter\u00edstica cardinal de laboratorio de la prueba gen\u00e9tica positiva (1) o la presencia de (A), (B), (C) y (D) m\u00e1s la caracter\u00edstica de laboratorio cardinal de la prueba gen\u00e9tica positiva (1 ) o la presencia de (A) &#8211; (D) m\u00e1s la caracter\u00edstica de laboratorio cardinal de la patolog\u00eda TDP-43 (2). Si hay evidencia de otras mutaciones o patolog\u00eda de enfermedades neurodegenerativas, tambi\u00e9n debe haber ambas caracter\u00edsticas cardinales de laboratorio.<br \/>\n<strong><br \/>\nProbable:<\/strong> presencia de (A) &#8211; (E).<br \/>\n<strong><br \/>\nPosible:<\/strong> presencia de (A) y (E) m\u00e1s caracter\u00edsticas cl\u00ednicas de soporte de (a) o (b).<br \/>\n(A) El parkinsonismo requiere dos o m\u00e1s de rigidez, temblor (con temblor postural aceptable), bradicinesia e inestabilidad postural. (C) Los s\u00edntomas respiratorios requieren la exclusi\u00f3n de enfermedades card\u00edacas y pulmonares.<br \/>\nTDP-43, prote\u00edna fijadora de ADN TAR-43<\/p>\n<p>&nbsp;<\/p>\n<p><strong>Bibliograf\u00eda:<\/strong><\/p>\n<ol>\n<li>Mishima T, Fujioka S, Tomiyama H, Yabe I, Kurisaki R, Fujii N, Neshige R, Ross OA, Farrer MJ, Dickson DW, Wszolek ZK, Hattori N, Tsuboi Y. Establishing diagnostic criteria for Perry syndrome.\u00a0J Neurol Neurosurg Psychiatry. 2018 May;89(5):482-487. <a href=\"https:\/\/pubmed.ncbi.nlm.nih.gov\/29089398\/\" target=\"_blank\" rel=\"noopener noreferrer\">[Medline]<\/a><\/li>\n<li>Konno T, Ross OA, Teive HAG, S\u0142awek J, Dickson DW, Wszolek ZK. DCTN1-related neurodegeneration: Perry syndrome and beyond.\u00a0Parkinsonism Relat Disord. 2017 Aug;41:14-24.\u00a0<a href=\"https:\/\/pubmed.ncbi.nlm.nih.gov\/28625595\/\" target=\"_blank\" rel=\"noopener noreferrer\">[Medline]<\/a><\/li>\n<li>Gajda Z, Hawrylak M, Handzlik J, Kuder KJ. Perry Disease: Current Outlook and Advances in Drug Discovery Approach to Symptomatic Treatment. Int J Mol Sci. 2024 Oct 3;25(19):10652. <a href=\"https:\/\/pubmed.ncbi.nlm.nih.gov\/39408987\/\" target=\"_blank\" rel=\"noopener\">[Medline]<\/a><\/li>\n<\/ol>\n<p>&nbsp;<\/p>\n<p>Creado Abr 18, 2018.<br \/>\nActualizado Feb 12, 2026.<\/p>\n\n<div style=\"font-size: 0px; height: 0px; line-height: 0px; margin: 0; padding: 0; clear: both;\"><\/div>","protected":false},"excerpt":{"rendered":"<p>El s\u00edndrome de Perry se caracteriza por parkinsonismo r\u00e1pidamente progresivo a menudo acompa\u00f1ado de depresi\u00f3n\/apat\u00eda, p\u00e9rdida de peso e hipoventilaci\u00f3n central.<\/p>\n","protected":false},"author":2,"featured_media":0,"comment_status":"closed","ping_status":"open","sticky":false,"template":"","format":"standard","meta":{"_lmt_disableupdate":"no","_lmt_disable":"no","_exactmetrics_skip_tracking":false,"_exactmetrics_sitenote_active":false,"_exactmetrics_sitenote_note":"","_exactmetrics_sitenote_category":0,"footnotes":""},"categories":[2],"tags":[16,15,14,13,468,5,4],"class_list":["post-2202","post","type-post","status-publish","format-standard","hentry","category-neurology","tag-criteria","tag-criterios","tag-diagnostic","tag-diagnostico","tag-perry","tag-sindrome","tag-syndrome"],"modified_by":"Guillermo Firman","_links":{"self":[{"href":"https:\/\/medicalcriteria.com\/web\/es\/wp-json\/wp\/v2\/posts\/2202","targetHints":{"allow":["GET"]}}],"collection":[{"href":"https:\/\/medicalcriteria.com\/web\/es\/wp-json\/wp\/v2\/posts"}],"about":[{"href":"https:\/\/medicalcriteria.com\/web\/es\/wp-json\/wp\/v2\/types\/post"}],"author":[{"embeddable":true,"href":"https:\/\/medicalcriteria.com\/web\/es\/wp-json\/wp\/v2\/users\/2"}],"replies":[{"embeddable":true,"href":"https:\/\/medicalcriteria.com\/web\/es\/wp-json\/wp\/v2\/comments?post=2202"}],"version-history":[{"count":4,"href":"https:\/\/medicalcriteria.com\/web\/es\/wp-json\/wp\/v2\/posts\/2202\/revisions"}],"predecessor-version":[{"id":10666,"href":"https:\/\/medicalcriteria.com\/web\/es\/wp-json\/wp\/v2\/posts\/2202\/revisions\/10666"}],"wp:attachment":[{"href":"https:\/\/medicalcriteria.com\/web\/es\/wp-json\/wp\/v2\/media?parent=2202"}],"wp:term":[{"taxonomy":"category","embeddable":true,"href":"https:\/\/medicalcriteria.com\/web\/es\/wp-json\/wp\/v2\/categories?post=2202"},{"taxonomy":"post_tag","embeddable":true,"href":"https:\/\/medicalcriteria.com\/web\/es\/wp-json\/wp\/v2\/tags?post=2202"}],"curies":[{"name":"wp","href":"https:\/\/api.w.org\/{rel}","templated":true}]}}