{"id":2308,"date":"2017-09-20T21:25:06","date_gmt":"2017-09-20T21:25:06","guid":{"rendered":"https:\/\/medicalcriteria.com\/web\/psyptsd\/"},"modified":"2026-03-06T19:50:08","modified_gmt":"2026-03-06T19:50:08","slug":"psyptsd","status":"publish","type":"post","link":"https:\/\/medicalcriteria.com\/web\/es\/psyptsd\/","title":{"rendered":"Criterios Diagn\u00f3sticos para el Trastorno de Estr\u00e9s Postraum\u00e1tico"},"content":{"rendered":"<div class=\"7ca9444b8380138fe077da07353677a4\" data-index=\"1\" style=\"float: none; margin:0px 0 0px 0; text-align:center;\">\n<script async src=\"https:\/\/pagead2.googlesyndication.com\/pagead\/js\/adsbygoogle.js\"><\/script>\r\n<!-- MC 2019- Horizontal -->\r\n<ins class=\"adsbygoogle\"\r\n     style=\"display:block\"\r\n     data-ad-client=\"ca-pub-0127150553352455\"\r\n     data-ad-slot=\"3806776041\"\r\n     data-ad-format=\"auto\"\r\n     data-full-width-responsive=\"true\"><\/ins>\r\n<script>\r\n     (adsbygoogle = window.adsbygoogle || []).push({});\r\n<\/script>\n<\/div>\n<p>El trastorno de estr\u00e9s postraum\u00e1tico (TEPT) es una condici\u00f3n de estr\u00e9s mental y emocional persistente que se produce como resultado de una lesi\u00f3n o choque psicol\u00f3gico severo, que suele implicar alteraci\u00f3n del sue\u00f1o y recuerdo constante de la experiencia, con respuestas apagadas a los dem\u00e1s y el\u00a0mundo\u00a0exterior.<br \/>\n<!--more--><\/p>\n<p><b>Criterios diagn\u00f3sticos para el trastorno de estr\u00e9s postraum\u00e1tico<\/b><br \/>\n<b><\/b><\/p>\n<p><b>Criterios\u00a0<\/b><b>DSM-5\u00a0<\/b><br \/>\nA. Exposici\u00f3n a la muerte, lesiones graves o violencia sexual en una (o m\u00e1s) de las siguientes maneras:<\/p>\n<ol>\n<li>Experiencia directa del(los) evento(s) traum\u00e1tico(s).<\/li>\n<li>Presenciar, en persona, el(los) evento(s) ocurrido a otros.<\/li>\n<li>Conocimiento del(los) evento(s) traum\u00e1tico(s) ocurrido a un miembro cercano de la familia o a un amigo cercano. En casos de\u00a0amenaza o\u00a0muerte real de un miembro de la familia o amigo, el(los) evento(s) debe haber sido violento o accidental.<\/li>\n<li>Exposici\u00f3n repetida o extrema a detalles aversivos o repulsivos del evento traum\u00e1tico (por ej., los primeros que recolectan restos humanos, oficiales de polic\u00eda expuestos repetidamente a detalles de abuso infantil).<\/li>\n<\/ol>\n<p>Nota: El Criterio A4 no se aplica a la exposici\u00f3n a trav\u00e9s de medios electr\u00f3nicos, televisi\u00f3n, pel\u00edculas o fotograf\u00edas, a menos que esta exposici\u00f3n est\u00e9 relacionada con el trabajo.<br \/>\nB. Presencia de uno (o m\u00e1s) de los siguientes s\u00edntomas de intrusi\u00f3n asociados con el(los) evento(s) traum\u00e1tico(s), que comienzan despu\u00e9s de ocurrir el evento traum\u00e1tico:<\/p>\n<ol>\n<li>Recuerdos angustiosos, recurrentes, involuntarios, e \u00a0intrusivos del(los) evento(s) traum\u00e1tico(s).<\/li>\n<li>Sue\u00f1os angustiantes recurrentes en los que el contenido y\/o el afecto del sue\u00f1o est\u00e1n relacionados con el(los) evento(s) traum\u00e1tico(s).<\/li>\n<li>Las reacciones disociativas (por ejemplo, escenas retrospectivas) en las que el individuo siente o act\u00faa como si el o los acontecimientos traum\u00e1ticos fueran recurrentes. (Tales reacciones pueden ocurrir de manera continua, con la expresi\u00f3n m\u00e1s extrema que es una p\u00e9rdida completa de la conciencia del ambiente actual)<\/li>\n<li>Angustia psicol\u00f3gica intensa o prolongada por la exposici\u00f3n a se\u00f1ales internas o externas que simbolizan o se asemejan a un aspecto del(los) evento(s) traum\u00e1tico(s).<\/li>\n<li>Reacciones fisiol\u00f3gicas marcadas a se\u00f1ales internas o externas que simbolizan o se asemejan a un aspecto del(los) evento(s) traum\u00e1tico(s).<\/li>\n<\/ol>\n<p>C. Evitaci\u00f3n persistente de los est\u00edmulos asociados con el(los) evento(s) traum\u00e1tico(s), comenzando despu\u00e9s de que ocurrieron los eventos traum\u00e1ticos, como evidenciado por uno o ambos de los siguientes:<\/p>\n<ol>\n<li>Evitaci\u00f3n o esfuerzos para evitar recuerdos angustiosos, pensamientos o sentimientos sobre o estrechamente asociados con el(los) evento(s) traum\u00e1tico(s).<\/li>\n<li>Evitaci\u00f3n o esfuerzos para evitar recordatorios externos (personas, lugares, conversaciones, actividades, objetos, situaciones) que despierten recuerdos, pensamientos o sentimientos angustiosos sobre o estrechamente asociados con el(los) evento(s) traum\u00e1tico(s).<\/li>\n<\/ol>\n<p>D. Alteraciones cognitivas negativas y del estado de \u00e1nimo asociadas con el(los) evento(s) traum\u00e1tico(s), comenzando o empeorando despu\u00e9s de que ocurrieron los eventos traum\u00e1ticos, como lo demuestran dos (o m\u00e1s) de los siguientes:<\/p>\n<ol>\n<li>Incapacidad para recordar un aspecto importante del(los) evento(s) traum\u00e1tico(s) (t\u00edpicamente debido a la amnesia disociativa y no a otros factores tales como lesi\u00f3n cerebral, alcohol o drogas).<\/li>\n<li>Creencias o expectativas negativas persistentes y exageradas acerca de s\u00ed mismo, de los dem\u00e1s o del mundo (por ejemplo, \u00abSoy malo\u00bb, \u00abNo se puede confiar en nadie\u00bb, \u00abEl mundo es muy peligroso\u00bb, \u00abTengo los nervios destrozados\u00bb.<\/li>\n<li>Percepci\u00f3n distorsionada persistente acerca de la causa o consecuencias del evento traum\u00e1tico que llevan al individuo a culparse a s\u00ed mismo o\/a otros.<\/li>\n<li>Estado emocional negativo persistente (por ejemplo, miedo, horror, c\u00f3lera, culpa o verg\u00fcenza).<\/li>\n<li>Disminuci\u00f3n importante del inter\u00e9s o participaci\u00f3n en actividades significativas.<\/li>\n<li>Sentimientos de desapego o alejamiento de otros.<\/li>\n<li>Incapacidad persistente para experimentar emociones positivas (por ej., incapacidad para experimentar felicidad, satisfacci\u00f3n o sentimientos amorosos).<\/li>\n<\/ol>\n<p>E. Alteraciones marcadas en la alerta y la reactividad asociadas con el(los) evento(s) traum\u00e1tico(s), comenzando o empeorando despu\u00e9s de que ocurrieron los eventos traum\u00e1ticos, como lo demuestran dos (o m\u00e1s) de los siguientes:<\/p>\n<ol>\n<li>El comportamiento irritable y arrebatos de furia (con poca o ninguna provocaci\u00f3n) t\u00edpicamente expresadas como agresi\u00f3n verbal o f\u00edsica hacia personas u objetos.<\/li>\n<li>Comportamiento imprudente o autodestructivo.<\/li>\n<li>Hipervigilancia.<\/li>\n<li>Respuesta de sobresalto exagerada.<\/li>\n<li>Problemas con la concentraci\u00f3n.<\/li>\n<li>Alteraci\u00f3n del sue\u00f1o (por ejemplo, dificultad para conciliar o mantener el sue\u00f1o o sue\u00f1o inquieto).<\/li>\n<\/ol>\n<p>F. La duraci\u00f3n de la alteraci\u00f3n\u00a0 (Criterios B, C, D y E) es de m\u00e1s de 1 mes.<br \/>\nG. La alteraci\u00f3n provoca angustia o deterioro cl\u00ednicamente significativo en \u00e1reas sociales, ocupacionales u otras \u00e1reas importantes de funcionamiento.<br \/>\nH. La alteraci\u00f3n no es atribuible a los efectos fisiol\u00f3gicos de una sustancia (por ejemplo, medicaci\u00f3n, alcohol) u otra condici\u00f3n m\u00e9dica.<br \/>\nEspecificar si: Con expresi\u00f3n retardada: Si los criterios diagn\u00f3sticos completos no se cumplen hasta al menos 6 meses despu\u00e9s del evento (aunque el inicio y la expresi\u00f3n de algunos s\u00edntomas pueden ser inmediatos).<br \/>\n<b><\/b><\/p>\n<p><b>Criterios CIE-11<\/b><br \/>\nExposici\u00f3n a un evento o serie de eventos extremadamente amenazadores u horribles<br \/>\nS\u00edntomas de intrusi\u00f3n:<\/p>\n<ul>\n<li>Re-experimentando el evento traum\u00e1tico o eventos en el presente en forma de recuerdos intrusivos vivos, escenas retrospectivas, o pesadillas.<\/li>\n<li>Re-experimentando acompa\u00f1ado de emociones fuertes y abrumadoras como el miedo o el horror y sensaciones f\u00edsicas fuertes, o sentimientos de estar abrumado o sumergido en las mismas intensas emociones que se experimentaron durante el evento traum\u00e1tico.<\/li>\n<\/ul>\n<p>Evitaci\u00f3n:<\/p>\n<ul>\n<li>Evitar pensamientos y recuerdos del evento o eventos.<\/li>\n<li>Evitar actividades, situaciones o personas que recuerden al evento o eventos.<\/li>\n<\/ul>\n<p>Percepciones persistentes de amenaza actual elevada:<\/p>\n<ul>\n<li>Hipervigilancia.<\/li>\n<li>Reacci\u00f3n de alarma aumentada a est\u00edmulos tales como ruidos inesperados.<\/li>\n<\/ul>\n<p>Los s\u00edntomas deben persistir durante al menos varias semanas.<br \/>\nLos s\u00edntomas deben causar un deterioro significativo en las \u00e1reas personales, familiares, sociales, educativas, ocupacionales u otras \u00e1reas importantes de funcionamiento.<\/p>\n<div><\/div>\n<p><b>Bibliograf\u00eda:<\/b><\/p>\n<ol>\n<li>Shalev A, Liberzon I, Marmar C. Post-Traumatic Stress Disorder. N Engl J Med. 2017 Jun 22;376(25):2459-2469\u00a0<a href=\"https:\/\/pubmed.ncbi.nlm.nih.gov\/28636846\/\" target=\"_blank\" rel=\"noopener noreferrer\">[Medline]<\/a><\/li>\n<li>Bisson JI, Cosgrove S, Lewis C, Robert NP. Post-traumatic stress disorder. BMJ. 2015 Nov 26;351:h6161\u00a0<a href=\"https:\/\/pubmed.ncbi.nlm.nih.gov\/26611143\/\" target=\"_blank\" rel=\"noopener noreferrer\">[Medline]<\/a><\/li>\n<li>Meijer L, Thomaes K, Blankers M, Dekovi\u0107 M, Franz MR, Kleber R, van de Putte EM, van Ee E, Camisasca E, Fredman SJ, Moser D, Mullins LL, Muzik M, Overbeek M, Palmer Molina A, Riggs J, Rosenblum K, Samuelson K, Schechter D, Suttora C, Finkenauer C. Post-traumatic stress disorder, trauma and parenting stress: an individual participant data meta-analysis. Eur J Psychotraumatol. 2025 Dec;16(1):2538907. <a href=\"https:\/\/pubmed.ncbi.nlm.nih.gov\/40853506\/\" target=\"_blank\" rel=\"noopener\">[Medline]<\/a><\/li>\n<\/ol>\n<p>&nbsp;<\/p>\n<p>Creado Sep 20, 2017.<br \/>\nActualizado Mar 6, 2026.<\/p>\n\n<div style=\"font-size: 0px; height: 0px; line-height: 0px; margin: 0; padding: 0; clear: both;\"><\/div>","protected":false},"excerpt":{"rendered":"<p>El trastorno de estr\u00e9s postraum\u00e1tico (TEPT) es una condici\u00f3n de estr\u00e9s mental y emocional persistente que se produce como resultado de una lesi\u00f3n o choque psicol\u00f3gico severo, que suele implicar alteraci\u00f3n del sue\u00f1o y recuerdo constante de la experiencia, con respuestas apagadas a los dem\u00e1s y el\u00a0mundo\u00a0exterior.<\/p>\n","protected":false},"author":2,"featured_media":0,"comment_status":"closed","ping_status":"open","sticky":false,"template":"","format":"standard","meta":{"_lmt_disableupdate":"no","_lmt_disable":"no","_exactmetrics_skip_tracking":false,"_exactmetrics_sitenote_active":false,"_exactmetrics_sitenote_note":"","_exactmetrics_sitenote_category":0,"footnotes":""},"categories":[76],"tags":[616,16,15,14,13,85,534,50,615,614,613,612,611,610,617],"class_list":["post-2308","post","type-post","status-publish","format-standard","hentry","category-psychiatry","tag-cie","tag-criteria","tag-criterios","tag-diagnostic","tag-diagnostico","tag-disorder","tag-dsm","tag-enfermedad","tag-post","tag-shock","tag-stress","tag-traumatic","tag-traumatica","tag-traumatico","tag-v"],"modified_by":"Guillermo Firman","_links":{"self":[{"href":"https:\/\/medicalcriteria.com\/web\/es\/wp-json\/wp\/v2\/posts\/2308","targetHints":{"allow":["GET"]}}],"collection":[{"href":"https:\/\/medicalcriteria.com\/web\/es\/wp-json\/wp\/v2\/posts"}],"about":[{"href":"https:\/\/medicalcriteria.com\/web\/es\/wp-json\/wp\/v2\/types\/post"}],"author":[{"embeddable":true,"href":"https:\/\/medicalcriteria.com\/web\/es\/wp-json\/wp\/v2\/users\/2"}],"replies":[{"embeddable":true,"href":"https:\/\/medicalcriteria.com\/web\/es\/wp-json\/wp\/v2\/comments?post=2308"}],"version-history":[{"count":4,"href":"https:\/\/medicalcriteria.com\/web\/es\/wp-json\/wp\/v2\/posts\/2308\/revisions"}],"predecessor-version":[{"id":10689,"href":"https:\/\/medicalcriteria.com\/web\/es\/wp-json\/wp\/v2\/posts\/2308\/revisions\/10689"}],"wp:attachment":[{"href":"https:\/\/medicalcriteria.com\/web\/es\/wp-json\/wp\/v2\/media?parent=2308"}],"wp:term":[{"taxonomy":"category","embeddable":true,"href":"https:\/\/medicalcriteria.com\/web\/es\/wp-json\/wp\/v2\/categories?post=2308"},{"taxonomy":"post_tag","embeddable":true,"href":"https:\/\/medicalcriteria.com\/web\/es\/wp-json\/wp\/v2\/tags?post=2308"}],"curies":[{"name":"wp","href":"https:\/\/api.w.org\/{rel}","templated":true}]}}