{"id":2330,"date":"2016-01-04T14:52:54","date_gmt":"2016-01-04T14:52:54","guid":{"rendered":"https:\/\/medicalcriteria.com\/web\/psygad\/"},"modified":"2026-03-12T20:24:29","modified_gmt":"2026-03-12T20:24:29","slug":"psygad","status":"publish","type":"post","link":"https:\/\/medicalcriteria.com\/web\/es\/psygad\/","title":{"rendered":"Criterios para el Diagn\u00f3stico de Trastorno de Ansiedad Generalizada (DSM-V)"},"content":{"rendered":"<div class=\"7ca9444b8380138fe077da07353677a4\" data-index=\"1\" style=\"float: none; margin:0px 0 0px 0; text-align:center;\">\n<script async src=\"https:\/\/pagead2.googlesyndication.com\/pagead\/js\/adsbygoogle.js\"><\/script>\r\n<!-- MC 2019- Horizontal -->\r\n<ins class=\"adsbygoogle\"\r\n     style=\"display:block\"\r\n     data-ad-client=\"ca-pub-0127150553352455\"\r\n     data-ad-slot=\"3806776041\"\r\n     data-ad-format=\"auto\"\r\n     data-full-width-responsive=\"true\"><\/ins>\r\n<script>\r\n     (adsbygoogle = window.adsbygoogle || []).push({});\r\n<\/script>\n<\/div>\n<p>El trastorno de ansiedad generalizada se caracteriza por ansiedad persistente y preocupaci\u00f3n incontrolable que se produce constantemente durante al menos 6 meses. Este trastorno se asocia con la depresi\u00f3n, el alcohol y el abuso de sustancias, problemas de salud f\u00edsica, o todos estos factores.<br \/>\n<!--more--><\/p>\n<p><b>Criterios para el Diagn\u00f3stico de Trastorno de Ansiedad Generalizada<\/b><\/p>\n<ul>\n<li>La ansiedad excesiva y preocupaci\u00f3n acerca de varios acontecimientos han ocurrido\u00a0durante m\u00e1s d\u00edas de los que han estado ausentes durante los \u00faltimos seis meses.<\/li>\n<li>La persona tiene dificultades para controlar la preocupaci\u00f3n.<\/li>\n<li>La ansiedad y preocupaci\u00f3n se asocian con al menos tres de los seis s\u00edntomas siguientes (solo se requiere un s\u00edntoma en ni\u00f1os): inquietud o una sensaci\u00f3n de ser agitado o \u00abal l\u00edmite\u00bb, siendo f\u00e1cilmente fatigado, tener dificultad para concentrarse, irritabilidad, tensi\u00f3n muscular, y trastornos del sue\u00f1o.<\/li>\n<li>La ansiedad, la preocupaci\u00f3n o los s\u00edntomas f\u00edsicos asociados provocan malestar cl\u00ednicamente significativo o deterioro en \u00e1reas importantes de la actividad.<\/li>\n<li>La alteraci\u00f3n no se debe a los efectos fisiol\u00f3gicos de una sustancia o condici\u00f3n m\u00e9dica.<\/li>\n<li>La alteraci\u00f3n no se explica mejor por otro trastorno mental.<\/li>\n<\/ul>\n<p>Todas las caracter\u00edsticas mencionadas deben estar presentes para hacer un diagn\u00f3stico de trastorno de ansiedad generalizada.<\/p>\n<p>&nbsp;<\/p>\n<p><b>Bibliograf\u00eda:<\/b><\/p>\n<ol>\n<li>Stein MB, Sareen J. CLINICAL PRACTICE. Generalized Anxiety Disorder. N Engl J Med. 2015 Nov 19;373(21):2059-68.\u00a0<a href=\"https:\/\/pubmed.ncbi.nlm.nih.gov\/26580998\/\" target=\"_blank\" rel=\"noopener noreferrer\">[Medline]<\/a><\/li>\n<li>Combs H, Markman J. Anxiety disorders in primary care.\u00a0Med Clin North Am. 2014 Sep;98(5):1007-23.\u00a0<a href=\"https:\/\/pubmed.ncbi.nlm.nih.gov\/25134870\/\" target=\"_blank\" rel=\"noopener noreferrer\">[Medline]<\/a><\/li>\n<li>American Psychiatric Association. Diagnostic\u00a0and statistical manual of mental\u00a0disorders, 5th ed. Arlington, VA: American\u00a0Psychiatric Association, 2013.<\/li>\n<li>Mishra AK, Varma AR. A Comprehensive Review of the Generalized Anxiety Disorder. Cureus. 2023 Sep 28;15(9):e46115. <a href=\"https:\/\/pubmed.ncbi.nlm.nih.gov\/37900518\/\" target=\"_blank\" rel=\"noopener\">[Medline]<\/a><\/li>\n<\/ol>\n<p>&nbsp;<\/p>\n<p>Creado Ene 04, 2016.<br \/>\nActualizado Mar 12, 2026.<\/p>\n\n<div style=\"font-size: 0px; height: 0px; line-height: 0px; margin: 0; padding: 0; clear: both;\"><\/div>","protected":false},"excerpt":{"rendered":"<p>El trastorno de ansiedad generalizada se caracteriza por ansiedad persistente y preocupaci\u00f3n incontrolable que se produce constantemente durante al menos 6 meses. Este trastorno se asocia con la depresi\u00f3n, el alcohol y el abuso de sustancias, problemas de salud f\u00edsica, o todos estos factores.<\/p>\n","protected":false},"author":2,"featured_media":0,"comment_status":"closed","ping_status":"open","sticky":false,"template":"","format":"standard","meta":{"_lmt_disableupdate":"no","_lmt_disable":"no","_exactmetrics_skip_tracking":false,"_exactmetrics_sitenote_active":false,"_exactmetrics_sitenote_note":"","_exactmetrics_sitenote_category":0,"footnotes":""},"categories":[76],"tags":[455,454,16,15,123,13,85,725,724,723,722,83],"class_list":["post-2330","post","type-post","status-publish","format-standard","hentry","category-psychiatry","tag-ansiedad","tag-anxiety","tag-criteria","tag-criterios","tag-diagnosis","tag-diagnostico","tag-disorder","tag-generalizada","tag-generalizado","tag-generalized","tag-tag","tag-trastorno"],"modified_by":"Guillermo Firman","_links":{"self":[{"href":"https:\/\/medicalcriteria.com\/web\/es\/wp-json\/wp\/v2\/posts\/2330","targetHints":{"allow":["GET"]}}],"collection":[{"href":"https:\/\/medicalcriteria.com\/web\/es\/wp-json\/wp\/v2\/posts"}],"about":[{"href":"https:\/\/medicalcriteria.com\/web\/es\/wp-json\/wp\/v2\/types\/post"}],"author":[{"embeddable":true,"href":"https:\/\/medicalcriteria.com\/web\/es\/wp-json\/wp\/v2\/users\/2"}],"replies":[{"embeddable":true,"href":"https:\/\/medicalcriteria.com\/web\/es\/wp-json\/wp\/v2\/comments?post=2330"}],"version-history":[{"count":4,"href":"https:\/\/medicalcriteria.com\/web\/es\/wp-json\/wp\/v2\/posts\/2330\/revisions"}],"predecessor-version":[{"id":10707,"href":"https:\/\/medicalcriteria.com\/web\/es\/wp-json\/wp\/v2\/posts\/2330\/revisions\/10707"}],"wp:attachment":[{"href":"https:\/\/medicalcriteria.com\/web\/es\/wp-json\/wp\/v2\/media?parent=2330"}],"wp:term":[{"taxonomy":"category","embeddable":true,"href":"https:\/\/medicalcriteria.com\/web\/es\/wp-json\/wp\/v2\/categories?post=2330"},{"taxonomy":"post_tag","embeddable":true,"href":"https:\/\/medicalcriteria.com\/web\/es\/wp-json\/wp\/v2\/tags?post=2330"}],"curies":[{"name":"wp","href":"https:\/\/api.w.org\/{rel}","templated":true}]}}