{"id":2367,"date":"2014-04-21T12:33:37","date_gmt":"2014-04-21T12:33:37","guid":{"rendered":"https:\/\/medicalcriteria.com\/web\/ddv\/"},"modified":"2025-05-13T20:27:24","modified_gmt":"2025-05-13T20:27:24","slug":"ddv","status":"publish","type":"post","link":"https:\/\/medicalcriteria.com\/web\/es\/ddv\/","title":{"rendered":"Diagn\u00f3stico Diferencial de V\u00e9rtigo Agudo"},"content":{"rendered":"<div class=\"7ca9444b8380138fe077da07353677a4\" data-index=\"1\" style=\"float: none; margin:0px 0 0px 0; text-align:center;\">\n<script async src=\"https:\/\/pagead2.googlesyndication.com\/pagead\/js\/adsbygoogle.js\"><\/script>\r\n<!-- MC 2019- Horizontal -->\r\n<ins class=\"adsbygoogle\"\r\n     style=\"display:block\"\r\n     data-ad-client=\"ca-pub-0127150553352455\"\r\n     data-ad-slot=\"3806776041\"\r\n     data-ad-format=\"auto\"\r\n     data-full-width-responsive=\"true\"><\/ins>\r\n<script>\r\n     (adsbygoogle = window.adsbygoogle || []).push({});\r\n<\/script>\n<\/div>\n<p><\/p>\n<p style=\"font-weight: 400;\">El v\u00e9rtigo posicional parox\u00edstico benigno (VPPB) se caracteriza por breve sensaci\u00f3n de giro, por lo general dura menos de 1 minuto, que son inducidos generalmente por un cambio en la posici\u00f3n de la cabeza con respecto a la gravedad.<\/p>\n<p><!--more--><\/p>\n<p style=\"font-weight: 400;\">VPPB debe distinguirse de otras causas m\u00e1s serias de v\u00e9rtigo agudo o epis\u00f3dico. Una historia cl\u00ednica y la exploraci\u00f3n neurol\u00f3gica a menudo permiten establecer diferencias entre accidente cerebrovascular, neuritis vestibular, y VPPB.<\/p>\n<p style=\"font-weight: 400;\"><strong>Diagn\u00f3stico Diferencial de V\u00e9rtigo Agudo<\/strong><\/p>\n<table style=\"border-collapse: collapse; width: 100%;\" border=\"1\">\n<tbody>\n<tr>\n<td width=\"115\"><strong>Causa<\/strong><\/td>\n<td width=\"115\"><strong>Inicio y curso<\/strong><\/td>\n<td width=\"115\"><strong>Nistagmo<\/strong><\/td>\n<td width=\"115\"><strong>S\u00edntomas auditivos<\/strong><\/td>\n<td width=\"115\"><strong>Otras caracter\u00edsticas<\/strong><\/td>\n<\/tr>\n<tr>\n<td width=\"115\">VPPB *<\/td>\n<td width=\"115\">Recurrente, transitorio, posicional; generalmente provocado por un giro o entrar y salir de la cama<\/td>\n<td width=\"115\">Posicional, con nistagmo torsional vertical mixto en VPPB con compromiso del canal posterior y nistagmo horizontal en VPPB con compromiso del canal horizontal<\/td>\n<td width=\"115\">Ninguno<\/td>\n<td width=\"115\">Posibles\u00a0eventos\u00a0de reciente inicio (por ejemplo, posici\u00f3n reclinada en la oficina del dentista o sal\u00f3n de belleza, reposo prolongado en cama, traumatismo craneal); antecedentes de episodios similares<\/td>\n<\/tr>\n<tr>\n<td width=\"115\">Stroke (ACV)<\/td>\n<td width=\"115\">Espont\u00e1neo, generalmente sostenido; puede empeorar con los cambios de posici\u00f3n<\/td>\n<td width=\"115\">Espont\u00e1neo, con latidos en varias direcciones o cambios de direcci\u00f3n<\/td>\n<td width=\"115\">Ocasional<\/td>\n<td width=\"115\">S\u00edntomas o signos neurol\u00f3gicos que pueden incluir cefalea y falta de alineaci\u00f3n vertical de los ojos; el resultado de la prueba del impulso cef\u00e1lico son t\u00edpicamente normales \u2020<\/td>\n<\/tr>\n<tr>\n<td width=\"115\">Neuritis vestibular<\/td>\n<td width=\"115\">Espont\u00e1neo y sostenido; puede empeorar por el cambio de posici\u00f3n<\/td>\n<td width=\"115\">Espont\u00e1neo, predominantemente horizontal<\/td>\n<td width=\"115\">Ninguno<\/td>\n<td width=\"115\">Puede estar precedida por una enfermedad viral; el resultado de la prueba de impulso cef\u00e1lico es anormal \u2020<\/td>\n<\/tr>\n<tr>\n<td width=\"115\">Migra\u00f1a vestibular<\/td>\n<td width=\"115\">Recurrente, espont\u00e1nea; duraci\u00f3n de minutos a horas; puede ser posicional<\/td>\n<td width=\"115\">Raro, pero cuando est\u00e1 presente generalmente posicional<\/td>\n<td width=\"115\">Ocasional<\/td>\n<td width=\"115\">Cefaleas migra\u00f1osas, cinetosis, historia familiar<\/td>\n<\/tr>\n<tr>\n<td width=\"115\">Enfermedad de Meniere<\/td>\n<td width=\"115\">Recurrente, espont\u00e1neo; duraci\u00f3n t\u00edpica por horas<\/td>\n<td width=\"115\">Espont\u00e1neo, horizontal<\/td>\n<td width=\"115\">Fluctuaci\u00f3n de la p\u00e9rdida de audici\u00f3n, tinnitus<\/td>\n<td width=\"115\">Dolor de o\u00eddos, sensaci\u00f3n de plenitud en el o\u00eddo<\/td>\n<\/tr>\n<\/tbody>\n<\/table>\n<p style=\"font-weight: 400;\">* VPPB denota v\u00e9rtigo posicional parox\u00edstico benigno.<\/p>\n<p style=\"font-weight: 400;\">\u2020 En la prueba de\u00a0impulso\u00a0cef\u00e1lico, el resultado se considera anormal cuando se requiere un movimiento correctivo (sacadas) para mantener\u00a0la cabeza fija y recta\u00a0despu\u00e9s de que la cabeza ha sido girado de lado.<\/p>\n<p>&nbsp;<\/p>\n<p style=\"font-weight: 400;\"><strong>Bibliograf\u00eca:<\/strong><\/p>\n<ol style=\"font-weight: 400;\">\n<li>Kim JS, Zee DS. Clinical practice. Benign paroxysmal positional vertigo. N Engl J Med. 2014 Mar 20;370(12):1138-47\u00a0<a href=\"https:\/\/pubmed.ncbi.nlm.nih.gov\/24645946\/\" target=\"_blank\" rel=\"noopener\">[Medline]<\/a><\/li>\n<li>von Brevern M. Benign paroxysmal positional vertigo. Semin Neurol. 2013 Jul;33(3):204-11.\u00a0<a href=\"https:\/\/pubmed.ncbi.nlm.nih.gov\/24057823\/\" target=\"_blank\" rel=\"noopener\">[Medline]<\/a><\/li>\n<\/ol>\n<p>&nbsp;<\/p>\n<p style=\"font-weight: 400;\">Creado Jul 23, 2014.<\/p>\n<p><\/p>\n\n<div style=\"font-size: 0px; height: 0px; line-height: 0px; margin: 0; padding: 0; clear: both;\"><\/div>","protected":false},"excerpt":{"rendered":"<p>El v\u00e9rtigo posicional parox\u00edstico benigno (VPPB) se caracteriza por breve sensaci\u00f3n de giro, por lo general dura menos de 1 minuto, que son inducidos generalmente por un cambio en la posici\u00f3n de la cabeza con respecto a la gravedad.<\/p>\n","protected":false},"author":2,"featured_media":0,"comment_status":"closed","ping_status":"open","sticky":false,"template":"","format":"standard","meta":{"_lmt_disableupdate":"no","_lmt_disable":"no","_exactmetrics_skip_tracking":false,"_exactmetrics_sitenote_active":false,"_exactmetrics_sitenote_note":"","_exactmetrics_sitenote_category":0,"footnotes":""},"categories":[139],"tags":[231,593,123,13,932,933,934],"class_list":["post-2367","post","type-post","status-publish","format-standard","hentry","category-otolaryngology","tag-acute","tag-agudo","tag-diagnosis","tag-diagnostico","tag-diferencial","tag-differential","tag-vertigo"],"modified_by":"Guillermo Firman","_links":{"self":[{"href":"https:\/\/medicalcriteria.com\/web\/es\/wp-json\/wp\/v2\/posts\/2367","targetHints":{"allow":["GET"]}}],"collection":[{"href":"https:\/\/medicalcriteria.com\/web\/es\/wp-json\/wp\/v2\/posts"}],"about":[{"href":"https:\/\/medicalcriteria.com\/web\/es\/wp-json\/wp\/v2\/types\/post"}],"author":[{"embeddable":true,"href":"https:\/\/medicalcriteria.com\/web\/es\/wp-json\/wp\/v2\/users\/2"}],"replies":[{"embeddable":true,"href":"https:\/\/medicalcriteria.com\/web\/es\/wp-json\/wp\/v2\/comments?post=2367"}],"version-history":[{"count":3,"href":"https:\/\/medicalcriteria.com\/web\/es\/wp-json\/wp\/v2\/posts\/2367\/revisions"}],"predecessor-version":[{"id":9282,"href":"https:\/\/medicalcriteria.com\/web\/es\/wp-json\/wp\/v2\/posts\/2367\/revisions\/9282"}],"wp:attachment":[{"href":"https:\/\/medicalcriteria.com\/web\/es\/wp-json\/wp\/v2\/media?parent=2367"}],"wp:term":[{"taxonomy":"category","embeddable":true,"href":"https:\/\/medicalcriteria.com\/web\/es\/wp-json\/wp\/v2\/categories?post=2367"},{"taxonomy":"post_tag","embeddable":true,"href":"https:\/\/medicalcriteria.com\/web\/es\/wp-json\/wp\/v2\/tags?post=2367"}],"curies":[{"name":"wp","href":"https:\/\/api.w.org\/{rel}","templated":true}]}}