{"id":2371,"date":"2014-03-06T12:29:55","date_gmt":"2014-03-06T12:29:55","guid":{"rendered":"https:\/\/medicalcriteria.com\/web\/sesr\/"},"modified":"2025-05-13T20:27:26","modified_gmt":"2025-05-13T20:27:26","slug":"sesr","status":"publish","type":"post","link":"https:\/\/medicalcriteria.com\/web\/es\/sesr\/","title":{"rendered":"Caracter\u00edsticas Cl\u00ednicas y Correlaciones de Sonidos Respiratorios"},"content":{"rendered":"<div class=\"7ca9444b8380138fe077da07353677a4\" data-index=\"1\" style=\"float: none; margin:0px 0 0px 0; text-align:center;\">\n<script async src=\"https:\/\/pagead2.googlesyndication.com\/pagead\/js\/adsbygoogle.js\"><\/script>\r\n<!-- MC 2019- Horizontal -->\r\n<ins class=\"adsbygoogle\"\r\n     style=\"display:block\"\r\n     data-ad-client=\"ca-pub-0127150553352455\"\r\n     data-ad-slot=\"3806776041\"\r\n     data-ad-format=\"auto\"\r\n     data-full-width-responsive=\"true\"><\/ins>\r\n<script>\r\n     (adsbygoogle = window.adsbygoogle || []).push({});\r\n<\/script>\n<\/div>\n<p>Resumen de las caracter\u00edsticas cl\u00ednicas de los sonidos normales y patol\u00f3gicos.<br \/>\n<!--more--><br \/>\n<strong>Caracter\u00edsticas Cl\u00ednicas y Correlaciones de Sonidos Respiratorios<\/strong><\/p>\n<table style=\"border-collapse: collapse; width: 100%;\" border=\"1\">\n<tbody>\n<tr valign=\"TOP\">\n<td style=\"width: 23%;\" width=\"23%\"><strong>Sonido Respiratorio<\/strong><\/td>\n<td style=\"width: 31.2808%;\" width=\"27%\"><strong>Caracter\u00edsticas Cl\u00ednicas<\/strong><\/td>\n<td style=\"width: 45.7192%;\" width=\"50%\"><strong>Correlaci\u00f3n Cl\u00ednica<\/strong><\/td>\n<\/tr>\n<tr valign=\"TOP\">\n<td style=\"width: 23%;\" width=\"23%\">Sonido\u00a0traqueal normal<\/td>\n<td style=\"width: 31.2808%;\" width=\"27%\">Hueco y no musical, se\u00a0escucha claramente en ambas fases del ciclo respiratorio<\/td>\n<td style=\"width: 45.7192%;\" width=\"50%\">Sonidos de Transporte intrapulmonar, lo que indica la permeabilidad de la v\u00eda a\u00e9rea superior; puede ser perturbado (por ejemplo, ser m\u00e1s ruidosa o incluso musical) si la permeabilidad de la v\u00eda a\u00e9rea superior se altera; se utiliza para controlar la apnea del sue\u00f1o; sirve como un buen modelo de la respiraci\u00f3n bronquial<\/td>\n<\/tr>\n<tr valign=\"TOP\">\n<td style=\"width: 23%;\" width=\"23%\">Sonido pulmonar normal<\/td>\n<td style=\"width: 31.2808%;\" width=\"27%\">Suave, no musical, escuchado solo en la inspiraci\u00f3n y en la espiraci\u00f3n temprana<\/td>\n<td style=\"width: 45.7192%;\" width=\"50%\">Se ve disminuida por factores que afectan a la generaci\u00f3n del sonido (por ejemplo, hipoventilaci\u00f3n, estrechamiento de las v\u00edas a\u00e9reas) o la transmisi\u00f3n de sonido (por ejemplo, destrucci\u00f3n pulmonar, derrame pleural, neumot\u00f3rax); evaluado como un marcador agregado del sonido de la respiraci\u00f3n normal; descarta obstrucci\u00f3n cl\u00ednicamente significativa de la v\u00eda a\u00e9rea<\/td>\n<\/tr>\n<tr valign=\"TOP\">\n<td style=\"width: 23%;\" width=\"23%\">Respiraci\u00f3n bronquial<\/td>\n<td style=\"width: 31.2808%;\" width=\"27%\">Suave, no musical, se escucha en las dos fases del ciclo respiratorio (el sonido imita al traqueal)<\/td>\n<td style=\"width: 45.7192%;\" width=\"50%\">Indica v\u00eda a\u00e9rea permeable rodeada de tejido consolidado de pulm\u00f3n (por ejemplo, neumon\u00eda) o fibrosis<\/td>\n<\/tr>\n<tr valign=\"TOP\">\n<td style=\"width: 23%;\" width=\"23%\">Estridor<\/td>\n<td style=\"width: 31.2808%;\" width=\"27%\">Musical, de tono alto, se puede escuchar a trav\u00e9s de las v\u00edas respiratorias superiores o a distancia sin un estetoscopio<\/td>\n<td style=\"width: 45.7192%;\" width=\"50%\">Indica obstrucci\u00f3n de la v\u00eda a\u00e9rea superior; asociado con lesiones extrator\u00e1cicas (por ejemplo, laringomalacia, lesi\u00f3n de cuerdas vocales, lesi\u00f3n despu\u00e9s de la extubaci\u00f3n) cuando se escucha en la inspiraci\u00f3n; asociado con lesiones intrator\u00e1cicas (por ejemplo, traqueomalacia, broncomalacia, compresi\u00f3n extr\u00ednseca) cuando se oye en la espiraci\u00f3n; asociada a lesiones fijas (por ejemplo, el crup, par\u00e1lisis de ambas cuerdas vocales, masa lar\u00edngea) cuando es bif\u00e1sica<\/td>\n<\/tr>\n<tr valign=\"TOP\">\n<td style=\"width: 23%;\" width=\"23%\">Sibilancias<\/td>\n<td style=\"width: 31.2808%;\" width=\"27%\">Musical y agudo; escuchado en la inspiraci\u00f3n, espiraci\u00f3n, o ambos<\/td>\n<td style=\"width: 45.7192%;\" width=\"50%\">Sugiere un estrechamiento de la v\u00eda a\u00e9rea o bloqueo cuando est\u00e1 localizado (por ejemplo, cuerpo extra\u00f1o, tumor); asociado con estrechamiento de la v\u00eda\u00a0a\u00e9rea\u00a0generalizada y limitaci\u00f3n del flujo a\u00e9reo cuando es generalizada (por ejemplo, asma, enfermedad pulmonar obstructiva cr\u00f3nica); el grado de limitaci\u00f3n al flujo a\u00e9reo es proporcional al n\u00famero de v\u00edas a\u00e9reas\u00a0que generan\u00a0sibilancias; puede estar ausente si el flujo de aire es demasiado bajo (por ejemplo, asma grave, enfisema destructivo)<\/td>\n<\/tr>\n<tr valign=\"TOP\">\n<td style=\"width: 23%;\" width=\"23%\">Roncus<\/td>\n<td style=\"width: 31.2808%;\" width=\"27%\">Musical, de tono bajo, similar a los ronquidos; menor en el tono de las sibilancias; pueden ser escuchados en la inspiraci\u00f3n, espiraci\u00f3n, o ambos<\/td>\n<td style=\"width: 45.7192%;\" width=\"50%\">Asociado con la ruptura de las pel\u00edculas de fluidos y colapsabilidad anormal de las v\u00edas a\u00e9reas; a menudo desaparece con la tos, lo que sugiere un papel para las secreciones en las v\u00edas a\u00e9reas m\u00e1s grandes; no es espec\u00edfica; es com\u00fan con el estrechamiento de las v\u00edas a\u00e9reas causado por el engrosamiento de la mucosa o edema o por broncoespasmo (por ejemplo, bronquitis y enfermedad pulmonar obstructiva cr\u00f3nica)<\/td>\n<\/tr>\n<tr valign=\"TOP\">\n<td style=\"width: 23%;\" width=\"23%\">Crepitantes finos<\/td>\n<td style=\"width: 31.2808%;\" width=\"27%\">No musicales, cortos, explosivos; escuchados a mediados o final de la inspiraci\u00f3n y ocasionalmente en la espiraci\u00f3n; no afectado por la tos,\u00a0dependiente de la gravedad, no se transmite a la boca<\/td>\n<td style=\"width: 45.7192%;\" width=\"50%\">Sin relaci\u00f3n con las secreciones; asociado a diversas enfermedades (por ejemplo, fibrosis pulmonar intersticial, insuficiencia card\u00edaca congestiva, neumon\u00eda); puede ser el signo m\u00e1s temprano de enfermedad (por ejemplo, fibrosis pulmonar idiop\u00e1tica, asbestosis); puede estar presente antes de la detecci\u00f3n de cambios en la radiolog\u00eda<\/td>\n<\/tr>\n<tr valign=\"TOP\">\n<td style=\"width: 23%;\" width=\"23%\">Crepitantes gruesos<\/td>\n<td style=\"width: 31.2808%;\" width=\"27%\">Sonidos no musicales, cortos, explosivos; escuchados en la inspiraci\u00f3n temprana y a lo largo de espiraci\u00f3n; afectada por la tos; transmitido a la boca<\/td>\n<td style=\"width: 45.7192%;\" width=\"50%\">Indica la apertura intermitente de las v\u00edas a\u00e9reas, puede estar relacionado con las secreciones (por ejemplo, en la bronquitis cr\u00f3nica)<\/td>\n<\/tr>\n<tr valign=\"TOP\">\n<td style=\"width: 23%;\" width=\"23%\">Roce o frote pleural<\/td>\n<td style=\"width: 31.2808%;\" width=\"27%\">Sonidos no musicales, explosivos, por lo general bif\u00e1sicos; escuchado normalmente en las regiones basales<\/td>\n<td style=\"width: 45.7192%;\" width=\"50%\">Asociados con la inflamaci\u00f3n pleural o tumores pleurales<\/td>\n<\/tr>\n<tr valign=\"TOP\">\n<td style=\"width: 23%;\" width=\"23%\">Graznido (Squawk)<\/td>\n<td style=\"width: 31.2808%;\" width=\"27%\">Sonido mezclado con un corto componente musical (corta sibilancia) acompa\u00f1ado o precedido por crepitaciones<\/td>\n<td style=\"width: 45.7192%;\" width=\"50%\">Asociado con las condiciones que afectan a las v\u00edas a\u00e9reas distales; puede sugerir neumon\u00eda por hipersensibilidad u otros tipos de enfermedad pulmonar intersticial en pacientes que no est\u00e1n gravemente enfermos; puede indicar neumon\u00eda en pacientes que est\u00e1n gravemente enfermos<\/td>\n<\/tr>\n<\/tbody>\n<\/table>\n<p>&nbsp;<\/p>\n<p>&nbsp;<\/p>\n<p><strong>Bibliograf\u00eda:<\/strong><\/p>\n<ol>\n<li>Bohadana A, Izbicki G, Kraman SS. Fundamentals of lung auscultation. N Engl J Med. 2014 Feb 20;370(8):744-51.\u00a0<a href=\"https:\/\/pubmed.ncbi.nlm.nih.gov\/24552321\/\" target=\"_blank\" rel=\"noopener noreferrer\">[Medline]<\/a><\/li>\n<li>Pasterkamp H, Kraman SS, Wodicka GR. Respiratory sounds. Advances beyond the stethoscope. Am J Respir Crit Care Med. 1997 Sep;156(3 Pt 1):974-87.<a href=\"https:\/\/pubmed.ncbi.nlm.nih.gov\/9310022\/\" target=\"_blank\" rel=\"noopener noreferrer\">[Medline]<\/a><\/li>\n<\/ol>\n<p>&nbsp;<\/p>\n<p>Creado May 05, 2014.<\/p>\n\n<div style=\"font-size: 0px; height: 0px; line-height: 0px; margin: 0; padding: 0; clear: both;\"><\/div>","protected":false},"excerpt":{"rendered":"<p>Resumen de las caracter\u00edsticas cl\u00ednicas de los sonidos normales y patol\u00f3gicos.<\/p>\n","protected":false},"author":2,"featured_media":0,"comment_status":"closed","ping_status":"open","sticky":false,"template":"","format":"standard","meta":{"_lmt_disableupdate":"","_lmt_disable":"","_exactmetrics_skip_tracking":false,"_exactmetrics_sitenote_active":false,"_exactmetrics_sitenote_note":"","_exactmetrics_sitenote_category":0,"footnotes":""},"categories":[784],"tags":[40,952,812,490,951,950,949,585,948,953],"class_list":["post-2371","post","type-post","status-publish","format-standard","hentry","category-family-practice","tag-caracteristicas","tag-characteristics","tag-clinica","tag-clinical","tag-correlacion","tag-correlations","tag-respiratorios","tag-respiratory","tag-sonidos","tag-sounds"],"modified_by":"Guillermo Firman","_links":{"self":[{"href":"https:\/\/medicalcriteria.com\/web\/es\/wp-json\/wp\/v2\/posts\/2371","targetHints":{"allow":["GET"]}}],"collection":[{"href":"https:\/\/medicalcriteria.com\/web\/es\/wp-json\/wp\/v2\/posts"}],"about":[{"href":"https:\/\/medicalcriteria.com\/web\/es\/wp-json\/wp\/v2\/types\/post"}],"author":[{"embeddable":true,"href":"https:\/\/medicalcriteria.com\/web\/es\/wp-json\/wp\/v2\/users\/2"}],"replies":[{"embeddable":true,"href":"https:\/\/medicalcriteria.com\/web\/es\/wp-json\/wp\/v2\/comments?post=2371"}],"version-history":[{"count":3,"href":"https:\/\/medicalcriteria.com\/web\/es\/wp-json\/wp\/v2\/posts\/2371\/revisions"}],"predecessor-version":[{"id":8873,"href":"https:\/\/medicalcriteria.com\/web\/es\/wp-json\/wp\/v2\/posts\/2371\/revisions\/8873"}],"wp:attachment":[{"href":"https:\/\/medicalcriteria.com\/web\/es\/wp-json\/wp\/v2\/media?parent=2371"}],"wp:term":[{"taxonomy":"category","embeddable":true,"href":"https:\/\/medicalcriteria.com\/web\/es\/wp-json\/wp\/v2\/categories?post=2371"},{"taxonomy":"post_tag","embeddable":true,"href":"https:\/\/medicalcriteria.com\/web\/es\/wp-json\/wp\/v2\/tags?post=2371"}],"curies":[{"name":"wp","href":"https:\/\/api.w.org\/{rel}","templated":true}]}}