{"id":2404,"date":"2011-12-13T13:16:32","date_gmt":"2011-12-13T13:16:32","guid":{"rendered":"https:\/\/medicalcriteria.com\/web\/psyad\/"},"modified":"2025-05-13T20:28:26","modified_gmt":"2025-05-13T20:28:26","slug":"psyad","status":"publish","type":"post","link":"https:\/\/medicalcriteria.com\/web\/es\/psyad\/","title":{"rendered":"Criterios Diagn\u00f3stico para Trastorno Autista"},"content":{"rendered":"<div class=\"7ca9444b8380138fe077da07353677a4\" data-index=\"1\" style=\"float: none; margin:0px 0 0px 0; text-align:center;\">\n<script async src=\"https:\/\/pagead2.googlesyndication.com\/pagead\/js\/adsbygoogle.js\"><\/script>\r\n<!-- MC 2019- Horizontal -->\r\n<ins class=\"adsbygoogle\"\r\n     style=\"display:block\"\r\n     data-ad-client=\"ca-pub-0127150553352455\"\r\n     data-ad-slot=\"3806776041\"\r\n     data-ad-format=\"auto\"\r\n     data-full-width-responsive=\"true\"><\/ins>\r\n<script>\r\n     (adsbygoogle = window.adsbygoogle || []).push({});\r\n<\/script>\n<\/div>\n<p><span class=\"hps\">El Manual de Diagn\u00f3stico y Estad\u00edstica de<\/span>\u00a0<span class=\"hps\">la<\/span>\u00a0American Psychiatric Association\u00a0<span class=\"hps atn\">(DSM-<\/span>IV-TR) establece\u00a0<span class=\"hps\">criterios estandarizados<\/span>\u00a0<span class=\"hps\">para ayudar a diagnosticar<\/span>\u00a0<span class=\"hps\">trastornos del espectro autista<\/span>\u00a0<span class=\"hps\">(TEA)<\/span>.<br \/>\n<!--more--><br \/>\n<strong>Criterios Diagn\u00f3stico para Trastorno Autista<\/strong><br \/>\nA. Existe un total de 6 (o m\u00e1s) \u00edtems de 1, 2 y 3, con por lo menos dos de 1, y uno de 2 y de 3:<\/p>\n<p style=\"padding-left: 30px;\">1. alteraci\u00f3n cualitativa de la interacci\u00f3n social, manifestada al menos por dos de las siguientes caracter\u00edsticas:<\/p>\n<p style=\"padding-left: 60px;\">a. importante alteraci\u00f3n del uso de m\u00faltiples comportamientos no verbales, como son contacto ocular, expresi\u00f3n facial, posturas corporales y gestos reguladores de la interacci\u00f3n social.<br \/>\nb. incapacidad para desarrollar relaciones con compa\u00f1eros adecuadas al nivel de desarrollo.<br \/>\nc. ausencia de la tendencia espont\u00e1nea para compartir con otras personas disfrutes, intereses y objetivos (p. ej., no mostrar, traer o se\u00f1alar objetos de inter\u00e9s).<br \/>\nd. falta de reciprocidad social o emocional.<\/p>\n<p style=\"padding-left: 30px;\">2. alteraci\u00f3n cualitativa de la comunicaci\u00f3n manifestada al menos uno de las siguientes caracter\u00edsticas:<\/p>\n<p style=\"padding-left: 60px;\">a. retraso o ausencia total del desarrollo del lenguaje oral (no acompa\u00f1ado de intentos para compensarlo mediante modos alternativos de comunicaci\u00f3n, tales como gestos o m\u00edmica).<br \/>\nb. en sujetos con un habla adecuada, alteraci\u00f3n importante de la capacidad para iniciar o mantener una conversaci\u00f3n con otros.<br \/>\nc. utilizaci\u00f3n estereotipada y repetitiva del lenguaje o lenguaje idiosincr\u00e1sico.<br \/>\nd. ausencia de juego realista espont\u00e1neo, variado, o de juego imitativo social propio del nivel de desarrollo.<\/p>\n<p style=\"padding-left: 30px;\">3. patrones de comportamiento, intereses y actividades restringidos, repetitivos y estereotipados, manifestados por lo menos mediante una de las siguientes caracter\u00edsticas:<\/p>\n<p style=\"padding-left: 60px;\">a. preocupaci\u00f3n absorbente con uno o m\u00e1s patrones estereotipados y restrictivos de inter\u00e9s que resulta anormal, sea en su intensidad, sea en su objetivo<br \/>\nb. adhesi\u00f3n aparentemente inflexible a rutinas o rituales espec\u00edficos, no funcionales<br \/>\nc. manierismos motores estereotipados y repetitivos (p. ej., sacudir o girar las manos o dedos, o movimientos complejos de todo el cuerpo)<br \/>\nd. preocupaci\u00f3n persistente con partes de objetos<\/p>\n<p>B. Retraso o funcionamiento anormal en por lo menos una de las siguientes \u00e1reas, que aparece antes de los 3 a\u00f1os de edad: (1) interacci\u00f3n social, (2) lenguaje utilizado en la comunicaci\u00f3n social, o (3) juego simb\u00f3lico o imaginativo.<br \/>\nC. El trastorno no se explica mejor por la presencia del trastorno de Rett o por trastorno desintegrativo infantil.<\/p>\n<p>&nbsp;<\/p>\n<p><strong>Bibliograf\u00eda:<\/strong><\/p>\n<ol>\n<li>Lord C, Risi S, DiLavore PS, Shulman C, Thurm A, Pickles A. Autism from 2 to 9 years of age. Arch Gen Psychiatry. 2006 Jun;63(6):694-701.\u00a0<a href=\"https:\/\/pubmed.ncbi.nlm.nih.gov\/16754843\/\" target=\"_blank\" rel=\"noopener noreferrer\">[Medline]<\/a><\/li>\n<li>American Psychiatric Association. (2000). Pervasive developmental disorders. In Diagnostic and statistical manual of mental disorders (Fourth edition&#8212;text revision (DSM-IV-TR). Washington, DC: American Psychiatric Association, 69-70.<\/li>\n<\/ol>\n<p align=\"left\">This material was taken from the DSM-IV-TR. It is intended for educational purposes only.<\/p>\n<p>&nbsp;<\/p>\n<p>Creado Dic 14, 2011.<\/p>\n\n<div style=\"font-size: 0px; height: 0px; line-height: 0px; margin: 0; padding: 0; clear: both;\"><\/div>","protected":false},"excerpt":{"rendered":"<p>El Manual de Diagn\u00f3stico y Estad\u00edstica de\u00a0la\u00a0American Psychiatric Association\u00a0(DSM-IV-TR) establece\u00a0criterios estandarizados\u00a0para ayudar a diagnosticar\u00a0trastornos del espectro autista\u00a0(TEA).<\/p>\n","protected":false},"author":2,"featured_media":0,"comment_status":"closed","ping_status":"open","sticky":false,"template":"","format":"standard","meta":{"_lmt_disableupdate":"no","_lmt_disable":"no","_exactmetrics_skip_tracking":false,"_exactmetrics_sitenote_active":false,"_exactmetrics_sitenote_note":"","_exactmetrics_sitenote_category":0,"footnotes":""},"categories":[76],"tags":[776,1133,16,15,14,13,85],"class_list":["post-2404","post","type-post","status-publish","format-standard","hentry","category-psychiatry","tag-autismo","tag-autistic","tag-criteria","tag-criterios","tag-diagnostic","tag-diagnostico","tag-disorder"],"modified_by":"Guillermo Firman","_links":{"self":[{"href":"https:\/\/medicalcriteria.com\/web\/es\/wp-json\/wp\/v2\/posts\/2404","targetHints":{"allow":["GET"]}}],"collection":[{"href":"https:\/\/medicalcriteria.com\/web\/es\/wp-json\/wp\/v2\/posts"}],"about":[{"href":"https:\/\/medicalcriteria.com\/web\/es\/wp-json\/wp\/v2\/types\/post"}],"author":[{"embeddable":true,"href":"https:\/\/medicalcriteria.com\/web\/es\/wp-json\/wp\/v2\/users\/2"}],"replies":[{"embeddable":true,"href":"https:\/\/medicalcriteria.com\/web\/es\/wp-json\/wp\/v2\/comments?post=2404"}],"version-history":[{"count":4,"href":"https:\/\/medicalcriteria.com\/web\/es\/wp-json\/wp\/v2\/posts\/2404\/revisions"}],"predecessor-version":[{"id":9319,"href":"https:\/\/medicalcriteria.com\/web\/es\/wp-json\/wp\/v2\/posts\/2404\/revisions\/9319"}],"wp:attachment":[{"href":"https:\/\/medicalcriteria.com\/web\/es\/wp-json\/wp\/v2\/media?parent=2404"}],"wp:term":[{"taxonomy":"category","embeddable":true,"href":"https:\/\/medicalcriteria.com\/web\/es\/wp-json\/wp\/v2\/categories?post=2404"},{"taxonomy":"post_tag","embeddable":true,"href":"https:\/\/medicalcriteria.com\/web\/es\/wp-json\/wp\/v2\/tags?post=2404"}],"curies":[{"name":"wp","href":"https:\/\/api.w.org\/{rel}","templated":true}]}}