{"id":2452,"date":"2010-05-14T12:08:27","date_gmt":"2010-05-14T12:08:27","guid":{"rendered":"https:\/\/medicalcriteria.com\/web\/psyais\/"},"modified":"2025-05-14T19:08:51","modified_gmt":"2025-05-14T19:08:51","slug":"psyais","status":"publish","type":"post","link":"https:\/\/medicalcriteria.com\/web\/es\/psyais\/","title":{"rendered":"Escala de Insomnio de Atenas (EIA)"},"content":{"rendered":"<div class=\"7ca9444b8380138fe077da07353677a4\" data-index=\"1\" style=\"float: none; margin:0px 0 0px 0; text-align:center;\">\n<script async src=\"https:\/\/pagead2.googlesyndication.com\/pagead\/js\/adsbygoogle.js\"><\/script>\r\n<!-- MC 2019- Horizontal -->\r\n<ins class=\"adsbygoogle\"\r\n     style=\"display:block\"\r\n     data-ad-client=\"ca-pub-0127150553352455\"\r\n     data-ad-slot=\"3806776041\"\r\n     data-ad-format=\"auto\"\r\n     data-full-width-responsive=\"true\"><\/ins>\r\n<script>\r\n     (adsbygoogle = window.adsbygoogle || []).push({});\r\n<\/script>\n<\/div>\n<p><strong>Instrucciones:<\/strong><br \/>\nEsta escala est\u00e1 dise\u00f1ada para registrar su propia percepci\u00f3n de cualquier dificultad en el dormir que usted pudiera haber experimentado. Por favor marque (encerrando en un c\u00edrculo el n\u00famero correspondiente) la opci\u00f3n debajo de cada enunciado para indicar su estimaci\u00f3n de cualquier dificultad, siempre que haya ocurrido durante la \u00faltima semana.<br \/>\n<!--more--><br \/>\n<strong>Inducci\u00f3n del dormir (tiempo que le toma quedarse dormido una vez acostado).<\/strong><br \/>\n0. Ning\u00fan problema.<br \/>\n1. Ligeramente retrasado.<br \/>\n2. Marcadamente retrasado.<br \/>\n3. Muy retrasado o no durmi\u00f3 en absoluto.<br \/>\n<strong>Despertares durante la noche.<\/strong><br \/>\n0. Ning\u00fan problema.<br \/>\n1. Problema menor.<br \/>\n2. Problema considerable.<br \/>\n3. Problema serio o no durmi\u00f3 en absoluto.<br \/>\n<strong>Despertar final m\u00e1s temprano de lo deseado.<\/strong><br \/>\n0. No m\u00e1s temprano.<br \/>\n1. Un poco m\u00e1s temprano.<br \/>\n2. Marcadamente m\u00e1s temprano.<br \/>\n3. Mucho m\u00e1s temprano o no durmi\u00f3 en lo absoluto.<br \/>\n<strong>Duraci\u00f3n total del dormir.<\/strong><br \/>\n0. Suficiente.<br \/>\n1. Ligeramente insuficiente.<br \/>\n2. Marcadamente insuficiente.<br \/>\n3. Muy insuficiente o no durmi\u00f3 en absoluto.<br \/>\n<strong>Calidad general del dormir (no importa cu\u00e1nto tiempo durmi\u00f3 usted).<\/strong><br \/>\n0. Satisfactoria.<br \/>\n1. Ligeramente insatisfactoria.<br \/>\n2. Marcadamente insatisfactoria.<br \/>\n3. Muy insatisfactoria o no durmi\u00f3 en absoluto.<br \/>\n<strong>Sensaci\u00f3n de bienestar durante el d\u00eda.<\/strong><br \/>\n0. Normal.<br \/>\n1. Ligeramente disminuida.<br \/>\n2. Marcadamente disminuida.<br \/>\n3. Muy disminuida.<br \/>\n<strong>Funcionamiento (f\u00edsico y mental) durante el d\u00eda.<\/strong><br \/>\n0. Normal.<br \/>\n1. Ligeramente disminuido.<br \/>\n2. Marcadamente disminuido.<br \/>\n3. Muy disminuido.<br \/>\n<strong>Somnolencia durante el d\u00eda.<\/strong><br \/>\n0. Ninguna.<br \/>\n1. Leve.<br \/>\n2. Considerable.<br \/>\n3. Intensa.<\/p>\n<p><span class=\"long_text\">El per\u00edodo de la autoevaluaci\u00f3n pueden variar, dependiendo del dise\u00f1o de un estudio determinado.\u00a0Siempre que pertenece la auto-evaluaci\u00f3n a un per\u00edodo distinto del mes pasado, la segunda frase del manual de instrucciones deber\u00eda reformularse en consecuencia.<\/span><\/p>\n<p>&nbsp;<\/p>\n<p><strong>Bibliograf\u00eda:<\/strong><\/p>\n<ol>\n<li>Soldatos CR, Dikeos DG, Paparrigopoulos TJ. Athens Insomnia Scale: validation of an instrument based on ICD-10 criteria. J Psychosom Res. 2000 Jun;48(6):555-60.\u00a0<a href=\"https:\/\/pubmed.ncbi.nlm.nih.gov\/11033374\/\" target=\"_blank\" rel=\"noopener noreferrer\">[Medline]<\/a><\/li>\n<\/ol>\n<p>&nbsp;<\/p>\n<p>Creado: May 14, 2010<\/p>\n\n<div style=\"font-size: 0px; height: 0px; line-height: 0px; margin: 0; padding: 0; clear: both;\"><\/div>","protected":false},"excerpt":{"rendered":"<p>Instrucciones: Esta escala est\u00e1 dise\u00f1ada para registrar su propia percepci\u00f3n de cualquier dificultad en el dormir que usted pudiera haber experimentado. Por favor marque (encerrando en un c\u00edrculo el n\u00famero correspondiente) la opci\u00f3n debajo de cada enunciado para indicar su estimaci\u00f3n de cualquier dificultad, siempre que haya ocurrido durante la \u00faltima semana.<\/p>\n","protected":false},"author":2,"featured_media":0,"comment_status":"closed","ping_status":"open","sticky":false,"template":"","format":"standard","meta":{"_lmt_disableupdate":"no","_lmt_disable":"no","_exactmetrics_skip_tracking":false,"_exactmetrics_sitenote_active":false,"_exactmetrics_sitenote_note":"","_exactmetrics_sitenote_category":0,"footnotes":""},"categories":[76],"tags":[1314,1315,452,1316,1317,1318,457],"class_list":["post-2452","post","type-post","status-publish","format-standard","hentry","category-psychiatry","tag-atenas","tag-athens","tag-escala","tag-insomnia","tag-insomnio","tag-psychiatry","tag-scale"],"modified_by":"Guillermo Firman","_links":{"self":[{"href":"https:\/\/medicalcriteria.com\/web\/es\/wp-json\/wp\/v2\/posts\/2452","targetHints":{"allow":["GET"]}}],"collection":[{"href":"https:\/\/medicalcriteria.com\/web\/es\/wp-json\/wp\/v2\/posts"}],"about":[{"href":"https:\/\/medicalcriteria.com\/web\/es\/wp-json\/wp\/v2\/types\/post"}],"author":[{"embeddable":true,"href":"https:\/\/medicalcriteria.com\/web\/es\/wp-json\/wp\/v2\/users\/2"}],"replies":[{"embeddable":true,"href":"https:\/\/medicalcriteria.com\/web\/es\/wp-json\/wp\/v2\/comments?post=2452"}],"version-history":[{"count":4,"href":"https:\/\/medicalcriteria.com\/web\/es\/wp-json\/wp\/v2\/posts\/2452\/revisions"}],"predecessor-version":[{"id":9467,"href":"https:\/\/medicalcriteria.com\/web\/es\/wp-json\/wp\/v2\/posts\/2452\/revisions\/9467"}],"wp:attachment":[{"href":"https:\/\/medicalcriteria.com\/web\/es\/wp-json\/wp\/v2\/media?parent=2452"}],"wp:term":[{"taxonomy":"category","embeddable":true,"href":"https:\/\/medicalcriteria.com\/web\/es\/wp-json\/wp\/v2\/categories?post=2452"},{"taxonomy":"post_tag","embeddable":true,"href":"https:\/\/medicalcriteria.com\/web\/es\/wp-json\/wp\/v2\/tags?post=2452"}],"curies":[{"name":"wp","href":"https:\/\/api.w.org\/{rel}","templated":true}]}}