{"id":2518,"date":"2009-03-06T11:50:22","date_gmt":"2009-03-06T11:50:22","guid":{"rendered":"https:\/\/medicalcriteria.com\/web\/pedresp\/"},"modified":"2025-05-14T19:10:29","modified_gmt":"2025-05-14T19:10:29","slug":"pedresp","status":"publish","type":"post","link":"https:\/\/medicalcriteria.com\/web\/es\/pedresp\/","title":{"rendered":"Criterios para Insuficiencia Respiratoria Cr\u00f3nica en Lactantes y Ni\u00f1os"},"content":{"rendered":"<div class=\"7ca9444b8380138fe077da07353677a4\" data-index=\"1\" style=\"float: none; margin:0px 0 0px 0; text-align:center;\">\n<script async src=\"https:\/\/pagead2.googlesyndication.com\/pagead\/js\/adsbygoogle.js\"><\/script>\r\n<!-- MC 2019- Horizontal -->\r\n<ins class=\"adsbygoogle\"\r\n     style=\"display:block\"\r\n     data-ad-client=\"ca-pub-0127150553352455\"\r\n     data-ad-slot=\"3806776041\"\r\n     data-ad-format=\"auto\"\r\n     data-full-width-responsive=\"true\"><\/ins>\r\n<script>\r\n     (adsbygoogle = window.adsbygoogle || []).push({});\r\n<\/script>\n<\/div>\n<p><\/p>\n<p style=\"font-weight: 400;\"><strong>Criterios cl\u00ednicos<\/strong><\/p>\n<ul style=\"font-weight: 400;\">\n<li>Disminuci\u00f3n del murmullo vesicular inspiratorio<\/li>\n<li>Incremento de retracciones, uso de m\u00fasculos accesorios<\/li>\n<li>Cianosis respirando aire ambiente<\/li>\n<li>Disminuci\u00f3n del nivel de actividad\/funci\u00f3n normal<\/li>\n<li>Pobre ganancia de peso (masa) (IMPORTANTE)<\/li>\n<\/ul>\n<p><!--more--><\/p>\n<p style=\"font-weight: 400;\"><strong>Criterios fisiol\u00f3gicos<\/strong><\/p>\n<ul style=\"font-weight: 400;\">\n<li>PaCO<sub>2<\/sub>\u00a0&gt; 45 mm Hg<\/li>\n<li>PaO<sub>2<\/sub>\u00a0&lt; 65 mm Hg<\/li>\n<li>Saturaci\u00f3n de ox\u00edgeno &lt; 95% respirando aire ambiente<\/li>\n<\/ul>\n<p style=\"font-weight: 400;\"><strong><em>\u00a0<\/em><\/strong><\/p>\n<p style=\"font-weight: 400;\"><strong>Criterios para Insuficiencia Respiratoria Cr\u00f3nica secundaria a Enfermedades del Sistema Nervioso Central, Neuromusculares, y del Esqueleto en Infantes y Ni\u00f1os<\/strong><\/p>\n<p style=\"font-weight: 400;\"><strong>Criterios cl\u00ednicos<\/strong><\/p>\n<ul style=\"font-weight: 400;\">\n<li>Tos d\u00e9bil<\/li>\n<li>Retenci\u00f3n de secreciones de la v\u00eda a\u00e9rea<\/li>\n<li>Incremento del uso de m\u00fasculos accesorios<\/li>\n<li>Trastornos de la degluci\u00f3n<\/li>\n<li>Reflejo nauseoso d\u00e9bil o ausente<\/li>\n<li>Disminuci\u00f3n del nivel de actividad\/funci\u00f3n normal (IMPORTANTE)<\/li>\n<\/ul>\n<p style=\"font-weight: 400;\"><strong>Criterios fisiol\u00f3gicos<\/strong><\/p>\n<ul style=\"font-weight: 400;\">\n<li>Capacidad vital &lt; 15 mL\/kg<\/li>\n<li>Fuerza inspiratoria &lt; 20 cm H<sub>2<\/sub>0<\/li>\n<li>PaCO<sub>2<\/sub>\u00a0&gt; 40 mm Hg<\/li>\n<li>PaO<sub>2<\/sub>\u00a0&lt; 70 mm Hg<\/li>\n<li>Saturaci\u00f3n de ox\u00edgeno &lt; 97% respirando aire ambiente<\/li>\n<\/ul>\n<p>&nbsp;<\/p>\n<p style=\"font-weight: 400;\"><strong>Bibliograf\u00eda:<\/strong><\/p>\n<ol style=\"font-weight: 400;\">\n<li>N\u00f8rregaard O.\u00a0Noninvasive ventilation in children. Eur Respir J. 2002 Nov;20(5):1332-42.\u00a0<a href=\"https:\/\/pubmed.ncbi.nlm.nih.gov\/12449190\/\" target=\"_blank\" rel=\"noopener\">[Medline]<\/a><\/li>\n<\/ol>\n<p>&nbsp;<\/p>\n<p>Creado: Oct 20, 2008<\/p>\n\n<div style=\"font-size: 0px; height: 0px; line-height: 0px; margin: 0; padding: 0; clear: both;\"><\/div>","protected":false},"excerpt":{"rendered":"<p>Criterios cl\u00ednicos Disminuci\u00f3n del murmullo vesicular inspiratorio Incremento de retracciones, uso de m\u00fasculos accesorios Cianosis respirando aire ambiente Disminuci\u00f3n del nivel de actividad\/funci\u00f3n normal Pobre ganancia de peso (masa) (IMPORTANTE)<\/p>\n","protected":false},"author":2,"featured_media":0,"comment_status":"closed","ping_status":"open","sticky":false,"template":"","format":"standard","meta":{"_lmt_disableupdate":"no","_lmt_disable":"no","_exactmetrics_skip_tracking":false,"_exactmetrics_sitenote_active":false,"_exactmetrics_sitenote_note":"","_exactmetrics_sitenote_category":0,"footnotes":""},"categories":[441],"tags":[181,146,16,15,902,674,901,672,331,183,667,29,586,585,1375],"class_list":["post-2518","post","type-post","status-publish","format-standard","hentry","category-pediatrics","tag-children","tag-chronic","tag-criteria","tag-criterios","tag-cronico","tag-failure","tag-fallo","tag-infantes","tag-infants","tag-ninos","tag-pediatrics","tag-pulmonary","tag-respiratorio","tag-respiratory","tag-uti"],"modified_by":"Guillermo Firman","_links":{"self":[{"href":"https:\/\/medicalcriteria.com\/web\/es\/wp-json\/wp\/v2\/posts\/2518","targetHints":{"allow":["GET"]}}],"collection":[{"href":"https:\/\/medicalcriteria.com\/web\/es\/wp-json\/wp\/v2\/posts"}],"about":[{"href":"https:\/\/medicalcriteria.com\/web\/es\/wp-json\/wp\/v2\/types\/post"}],"author":[{"embeddable":true,"href":"https:\/\/medicalcriteria.com\/web\/es\/wp-json\/wp\/v2\/users\/2"}],"replies":[{"embeddable":true,"href":"https:\/\/medicalcriteria.com\/web\/es\/wp-json\/wp\/v2\/comments?post=2518"}],"version-history":[{"count":3,"href":"https:\/\/medicalcriteria.com\/web\/es\/wp-json\/wp\/v2\/posts\/2518\/revisions"}],"predecessor-version":[{"id":9127,"href":"https:\/\/medicalcriteria.com\/web\/es\/wp-json\/wp\/v2\/posts\/2518\/revisions\/9127"}],"wp:attachment":[{"href":"https:\/\/medicalcriteria.com\/web\/es\/wp-json\/wp\/v2\/media?parent=2518"}],"wp:term":[{"taxonomy":"category","embeddable":true,"href":"https:\/\/medicalcriteria.com\/web\/es\/wp-json\/wp\/v2\/categories?post=2518"},{"taxonomy":"post_tag","embeddable":true,"href":"https:\/\/medicalcriteria.com\/web\/es\/wp-json\/wp\/v2\/tags?post=2518"}],"curies":[{"name":"wp","href":"https:\/\/api.w.org\/{rel}","templated":true}]}}