{"id":2556,"date":"2009-03-02T01:01:37","date_gmt":"2009-03-02T01:01:37","guid":{"rendered":"https:\/\/medicalcriteria.com\/web\/neuromigraine\/"},"modified":"2025-05-14T19:11:29","modified_gmt":"2025-05-14T19:11:29","slug":"neuromigraine","status":"publish","type":"post","link":"https:\/\/medicalcriteria.com\/web\/es\/neuromigraine\/","title":{"rendered":"Criterios Diagn\u00f3stico ICHD-II para Migra\u00f1a"},"content":{"rendered":"<div class=\"7ca9444b8380138fe077da07353677a4\" data-index=\"1\" style=\"float: none; margin:0px 0 0px 0; text-align:center;\">\n<script async src=\"https:\/\/pagead2.googlesyndication.com\/pagead\/js\/adsbygoogle.js\"><\/script>\r\n<!-- MC 2019- Horizontal -->\r\n<ins class=\"adsbygoogle\"\r\n     style=\"display:block\"\r\n     data-ad-client=\"ca-pub-0127150553352455\"\r\n     data-ad-slot=\"3806776041\"\r\n     data-ad-format=\"auto\"\r\n     data-full-width-responsive=\"true\"><\/ins>\r\n<script>\r\n     (adsbygoogle = window.adsbygoogle || []).push({});\r\n<\/script>\n<\/div>\n<p><\/p>\n<div class=\"Section1\">\n<p style=\"font-weight: 400;\"><strong>Migra\u00f1a sin aura<\/strong><\/p>\n<p>A- Al menos 5 ataques que cumplan los criterios B-D<br \/>\nB- Cefalea que dura de 4 a 72 horas (sin tratamiento o insuficientemente tratado)<br \/>\nC- Cefalea que re\u00fana dos de las siguientes caracter\u00edsticas:<br \/>\n<!--more--><\/p>\n<ol style=\"font-weight: 400;\">\n<li>Localizaci\u00f3n unilateral<\/li>\n<li>Caracter\u00edstica puls\u00e1til<\/li>\n<li>De moderada a severa intensidad del dolor<\/li>\n<li>Empeora por o causando evitar la actividad f\u00edsica habitual (por ej. caminar o subir escaleras)<\/li>\n<\/ol>\n<p>D- Durante la cefalea ocurra uno de los siguientes:<\/p>\n<ol style=\"font-weight: 400;\">\n<li>N\u00e1useas y\/o v\u00f3mitos.<\/li>\n<li>Fotofobia o fonofobia.<\/li>\n<\/ol>\n<p>E- No atribuida a otra enfermedad<\/p>\n<p style=\"font-weight: 400;\"><strong>Migra\u00f1a con aura<\/strong><\/p>\n<p>A- Al menos 2 ataques que cumplan con el criterio B<br \/>\nB- Migra\u00f1a con aura que cumplan con los criterios B-C para alguna de las subformas (migra\u00f1a con aura t\u00edpica, cefalea no migra\u00f1osa con aura t\u00edpica, cefalea sin aura t\u00edpica, migra\u00f1a hemipl\u00e9jica familiar, migra\u00f1a hemipl\u00e9jica espor\u00e1dica, o migra\u00f1a tipo basilar)<br \/>\nC- No atribuida a otra enfermedad<\/p>\n<p style=\"font-weight: 400;\"><strong>Migra\u00f1a con aura t\u00edpica<\/strong><\/p>\n<p>A- Al menos 2 ataques que cumplan con los criterios B-D<br \/>\nB- Aura consistente en al menos 1 de los siguientes, pero no debilidad motora:<\/p>\n<ol style=\"font-weight: 400;\">\n<li>S\u00edntomas visuales totalmente reversibles incluyendo rasgos positivos (por ej., destellos luminosos, escotomas o l\u00edneas) y\/o rasgos negativos (p\u00e9rdida de la visi\u00f3n)<\/li>\n<li>S\u00edntomas sensoriales totalmente reversibles incluyendo rasgos positivos (alfileres y agujas) y\/o rasgos negativos (entumecimiento)<\/li>\n<li>Alteraciones totalmente reversibles de lenguaje disf\u00e1sico<\/li>\n<\/ol>\n<p>C- Al menos 2 de los siguientes:<\/p>\n<ol style=\"font-weight: 400;\">\n<li>S\u00edntomas visuales hom\u00f3nimos y\/o s\u00edntomas sensoriales unilateral<\/li>\n<li>Al menos uno de los s\u00edntomas del aura se desarrolla gradualmente de &gt;\/=5 minutos y\/o diferentes s\u00edntomas del aura ocurren en sucesi\u00f3n de &gt;\/=5 minutes<\/li>\n<li>Cada s\u00edntoma dura &gt;\/=5 y &lt;\/=60 minutos<\/li>\n<\/ol>\n<p>D- La cefalea cumple con los criterios B-D para \u201cMigra\u00f1a sin aura\u201d comenzando durante el aura o seguido del aura dentro de los 60 minutos<br \/>\nE- No atribuida a otra enfermedad<\/p>\n<p style=\"font-weight: 400;\"><strong>Cefalea sin aura t\u00edpica<\/strong><\/p>\n<p style=\"font-weight: 400;\">Como la \u201cMigra\u00f1a con aura t\u00edpica\u201d, excepto:<\/p>\n<p>B- Aura consistente en al menos 1 de los siguientes, con o sin alteraciones del habla pero sin debilidad motora:<\/p>\n<ol style=\"font-weight: 400;\">\n<li>S\u00edntomas visuales totalmente reversibles incluyendo rasgos positivos (por ej., destellos luminosos, escotomas o l\u00edneas) y\/o rasgos negativos (p\u00e9rdida de la visi\u00f3n)<\/li>\n<li>S\u00edntomas sensoriales totalmente reversibles incluyendo rasgos positivos (alfileres y agujas) y\/o rasgos negativos (entumecimiento)<\/li>\n<\/ol>\n<p>D- Cefalea que no ocurre durante el aura ni tampoco seguido al aura dentro de los 60 minutos<\/p>\n<p>&nbsp;<\/p>\n<p style=\"font-weight: 400;\"><strong>Bibliograf\u00eda:<\/strong><\/p>\n<ol style=\"font-weight: 400;\">\n<li>International Headache Society. The International Classification of Headache Disorders, 2nd Edition. Cephalalgia 2004; 24 (suppl 1): 1-160 (www.i-h-s.org)<\/li>\n<\/ol>\n<p style=\"font-weight: 400;\">This material was taken from the International Classification of Headache Disorders. It is intended for educational purposes only.<\/p>\n<p>&nbsp;<\/p>\n<p style=\"font-weight: 400;\">Creado: Jun 13, 2005<\/p>\n<\/div>\n<p><\/p>\n\n<div style=\"font-size: 0px; height: 0px; line-height: 0px; margin: 0; padding: 0; clear: both;\"><\/div>","protected":false},"excerpt":{"rendered":"<p>Migra\u00f1a sin aura A- Al menos 5 ataques que cumplan los criterios B-D B- Cefalea que dura de 4 a 72 horas (sin tratamiento o insuficientemente tratado) C- Cefalea que re\u00fana dos de las siguientes caracter\u00edsticas:<\/p>\n","protected":false},"author":2,"featured_media":0,"comment_status":"closed","ping_status":"open","sticky":false,"template":"","format":"standard","meta":{"_lmt_disableupdate":"no","_lmt_disable":"no","_exactmetrics_skip_tracking":false,"_exactmetrics_sitenote_active":false,"_exactmetrics_sitenote_note":"","_exactmetrics_sitenote_category":0,"footnotes":""},"categories":[2],"tags":[1706,16,15,14,13,1674,1593,1705,1704,1300],"class_list":["post-2556","post","type-post","status-publish","format-standard","hentry","category-neurology","tag-cefalea","tag-criteria","tag-criterios","tag-diagnostic","tag-diagnostico","tag-ichd","tag-ii","tag-migraine","tag-migrana","tag-neurology"],"modified_by":"Guillermo Firman","_links":{"self":[{"href":"https:\/\/medicalcriteria.com\/web\/es\/wp-json\/wp\/v2\/posts\/2556","targetHints":{"allow":["GET"]}}],"collection":[{"href":"https:\/\/medicalcriteria.com\/web\/es\/wp-json\/wp\/v2\/posts"}],"about":[{"href":"https:\/\/medicalcriteria.com\/web\/es\/wp-json\/wp\/v2\/types\/post"}],"author":[{"embeddable":true,"href":"https:\/\/medicalcriteria.com\/web\/es\/wp-json\/wp\/v2\/users\/2"}],"replies":[{"embeddable":true,"href":"https:\/\/medicalcriteria.com\/web\/es\/wp-json\/wp\/v2\/comments?post=2556"}],"version-history":[{"count":3,"href":"https:\/\/medicalcriteria.com\/web\/es\/wp-json\/wp\/v2\/posts\/2556\/revisions"}],"predecessor-version":[{"id":9125,"href":"https:\/\/medicalcriteria.com\/web\/es\/wp-json\/wp\/v2\/posts\/2556\/revisions\/9125"}],"wp:attachment":[{"href":"https:\/\/medicalcriteria.com\/web\/es\/wp-json\/wp\/v2\/media?parent=2556"}],"wp:term":[{"taxonomy":"category","embeddable":true,"href":"https:\/\/medicalcriteria.com\/web\/es\/wp-json\/wp\/v2\/categories?post=2556"},{"taxonomy":"post_tag","embeddable":true,"href":"https:\/\/medicalcriteria.com\/web\/es\/wp-json\/wp\/v2\/tags?post=2556"}],"curies":[{"name":"wp","href":"https:\/\/api.w.org\/{rel}","templated":true}]}}