{"id":5797,"date":"2013-08-22T15:49:30","date_gmt":"2013-08-22T15:49:30","guid":{"rendered":"https:\/\/medicalcriteria.com\/web\/criteria-for-the-diagnosis-of-asthma\/"},"modified":"2025-05-13T20:27:53","modified_gmt":"2025-05-13T20:27:53","slug":"criteria-for-the-diagnosis-of-asthma","status":"publish","type":"post","link":"https:\/\/medicalcriteria.com\/web\/es\/criteria-for-the-diagnosis-of-asthma\/","title":{"rendered":"Criterios para el Diagn\u00f3stico de Asma"},"content":{"rendered":"<div class=\"7ca9444b8380138fe077da07353677a4\" data-index=\"1\" style=\"float: none; margin:0px 0 0px 0; text-align:center;\">\n<script async src=\"https:\/\/pagead2.googlesyndication.com\/pagead\/js\/adsbygoogle.js\"><\/script>\r\n<!-- MC 2019- Horizontal -->\r\n<ins class=\"adsbygoogle\"\r\n     style=\"display:block\"\r\n     data-ad-client=\"ca-pub-0127150553352455\"\r\n     data-ad-slot=\"3806776041\"\r\n     data-ad-format=\"auto\"\r\n     data-full-width-responsive=\"true\"><\/ins>\r\n<script>\r\n     (adsbygoogle = window.adsbygoogle || []).push({});\r\n<\/script>\n<\/div>\n<p>El asma es una enfermedad inflamatoria cr\u00f3nica de las v\u00edas respiratorias que se caracteriza por el estrechamiento variable de las v\u00edas respiratorias, y s\u00edntomas de disnea intermitente, sibilancias y tos durante la noche o por la ma\u00f1ana temprano.<br \/>\n<!--more--><br \/>\n<strong>Criterios para el Diagn\u00f3stico de Asma<\/strong><br \/>\nPresencia de s\u00edntomas epis\u00f3dicos de obstrucci\u00f3n al flujo a\u00e9reo o hiperreactividad de las v\u00edas respiratorias<br \/>\nLa evaluaci\u00f3n objetiva que consiste en una de las siguientes:<\/p>\n<ol>\n<li>Obstrucci\u00f3n del flujo de aire que es al menos parcialmente reversible con el uso de agonistas beta 2 de acci\u00f3n corta inhalado, como se muestra por una de las tres variables\n<ol>\n<li>Un incremento en el VEF1 de &gt;\/= 12% del valor basal<\/li>\n<li>Un incremento de VEF1 de &gt;\/= 10 puntos porcentuales respecto al valor basal<\/li>\n<li>Un incremento en el PEF de &gt;\/= 20% (o 60 litros\/min) del valor basal<\/li>\n<\/ol>\n<\/li>\n<li>Variaci\u00f3n diurna en el PEF (medido dos veces al d\u00eda) de m\u00e1s de 10%<\/li>\n<\/ol>\n<p>* FEV1 denota el volumen espiratorio forzado en 1 segundo,\u00a0 y PEF el flujo espiratorio pico.<\/p>\n<p>&nbsp;<\/p>\n<p><strong>Bibliograf\u00eda:<\/strong><\/p>\n<ol>\n<li>Bel EH. Clinical Practice. Mild asthma. N Engl J Med. 2013 Aug 8;369(6):549-57.\u00a0<a href=\"https:\/\/pubmed.ncbi.nlm.nih.gov\/23924005\/\" target=\"_blank\" rel=\"noopener noreferrer\">[Medline]<\/a><\/li>\n<li>Mintz M. Asthma update: part I. Diagnosis, monitoring, and prevention of disease progression. Am Fam Physician. 2004;70:893-898.\u00a0<a href=\"https:\/\/pubmed.ncbi.nlm.nih.gov\/15368728\/\" target=\"_blank\" rel=\"noopener noreferrer\">[Medline]<\/a><\/li>\n<\/ol>\n<p>&nbsp;<\/p>\n<p>Creado Ago 22, 2013.<\/p>\n\n<div style=\"font-size: 0px; height: 0px; line-height: 0px; margin: 0; padding: 0; clear: both;\"><\/div>","protected":false},"excerpt":{"rendered":"<p>El asma es una enfermedad inflamatoria cr\u00f3nica de las v\u00edas respiratorias que se caracteriza por el estrechamiento variable de las v\u00edas respiratorias, y s\u00edntomas de disnea intermitente, sibilancias y tos durante la noche o por la ma\u00f1ana temprano.<\/p>\n","protected":false},"author":2,"featured_media":0,"comment_status":"closed","ping_status":"open","sticky":false,"template":"","format":"standard","meta":{"_lmt_disableupdate":"no","_lmt_disable":"no","_exactmetrics_skip_tracking":false,"_exactmetrics_sitenote_active":false,"_exactmetrics_sitenote_note":"","_exactmetrics_sitenote_category":0,"footnotes":""},"categories":[233],"tags":[962,961,16,15,123,13],"class_list":["post-5797","post","type-post","status-publish","format-standard","hentry","category-pulmonary","tag-asma","tag-asthma","tag-criteria","tag-criterios","tag-diagnosis","tag-diagnostico"],"modified_by":"Guillermo Firman","_links":{"self":[{"href":"https:\/\/medicalcriteria.com\/web\/es\/wp-json\/wp\/v2\/posts\/5797","targetHints":{"allow":["GET"]}}],"collection":[{"href":"https:\/\/medicalcriteria.com\/web\/es\/wp-json\/wp\/v2\/posts"}],"about":[{"href":"https:\/\/medicalcriteria.com\/web\/es\/wp-json\/wp\/v2\/types\/post"}],"author":[{"embeddable":true,"href":"https:\/\/medicalcriteria.com\/web\/es\/wp-json\/wp\/v2\/users\/2"}],"replies":[{"embeddable":true,"href":"https:\/\/medicalcriteria.com\/web\/es\/wp-json\/wp\/v2\/comments?post=5797"}],"version-history":[{"count":3,"href":"https:\/\/medicalcriteria.com\/web\/es\/wp-json\/wp\/v2\/posts\/5797\/revisions"}],"predecessor-version":[{"id":9299,"href":"https:\/\/medicalcriteria.com\/web\/es\/wp-json\/wp\/v2\/posts\/5797\/revisions\/9299"}],"wp:attachment":[{"href":"https:\/\/medicalcriteria.com\/web\/es\/wp-json\/wp\/v2\/media?parent=5797"}],"wp:term":[{"taxonomy":"category","embeddable":true,"href":"https:\/\/medicalcriteria.com\/web\/es\/wp-json\/wp\/v2\/categories?post=5797"},{"taxonomy":"post_tag","embeddable":true,"href":"https:\/\/medicalcriteria.com\/web\/es\/wp-json\/wp\/v2\/tags?post=5797"}],"curies":[{"name":"wp","href":"https:\/\/api.w.org\/{rel}","templated":true}]}}