{"id":5869,"date":"2019-12-26T20:53:54","date_gmt":"2019-12-26T20:53:54","guid":{"rendered":"https:\/\/medicalcriteria.com\/web\/?p=5869"},"modified":"2026-01-13T20:48:00","modified_gmt":"2026-01-13T20:48:00","slug":"prefibrotic-myelofibrosis","status":"publish","type":"post","link":"https:\/\/medicalcriteria.com\/web\/es\/prefibrotic-myelofibrosis\/","title":{"rendered":"Criterios Diagn\u00f3stico de la OMS para Mielofibrosis Prefibr\u00f3tica"},"content":{"rendered":"<div class=\"7ca9444b8380138fe077da07353677a4\" data-index=\"1\" style=\"float: none; margin:0px 0 0px 0; text-align:center;\">\n<script async src=\"https:\/\/pagead2.googlesyndication.com\/pagead\/js\/adsbygoogle.js\"><\/script>\r\n<!-- MC 2019- Horizontal -->\r\n<ins class=\"adsbygoogle\"\r\n     style=\"display:block\"\r\n     data-ad-client=\"ca-pub-0127150553352455\"\r\n     data-ad-slot=\"3806776041\"\r\n     data-ad-format=\"auto\"\r\n     data-full-width-responsive=\"true\"><\/ins>\r\n<script>\r\n     (adsbygoogle = window.adsbygoogle || []).push({});\r\n<\/script>\n<\/div>\n<p>La mielofibrosis prefibr\u00f3tica (MF pre-F) es una entidad distinta entre las neoplasias mieloproliferativas cr\u00f3nicas diagnosticadas seg\u00fan la clasificaci\u00f3n revisada de la OMS.<br \/>\nEl cuadro cl\u00ednico es heterog\u00e9neo, desde trombocitosis aislada, simulando trombocitemia esencial (TE) hasta s\u00edntomas de MF de alto riesgo.<!--more--><\/p>\n<p><strong>Criterios diagn\u00f3stico de la OMS para mielofibrosis prefibr\u00f3tica o en estadio temprano<\/strong><\/p>\n<p>El diagn\u00f3stico requiere todos los criterios mayores y al menos un criterio menor.<\/p>\n<p><strong>Criterios mayores<\/strong><\/p>\n<ul>\n<li>Proliferaci\u00f3n megacarioc\u00edtica y atipia, sin fibrosis de reticulina &gt; grado 1, acompa\u00f1ada de un aumento de la celularidad de la m\u00e9dula \u00f3sea ajustada por edad, proliferaci\u00f3n granuloc\u00edtica y, en muchos casos, disminuci\u00f3n de la eritropoyesis.<\/li>\n<li>Criterios para la leucemia mieloide cr\u00f3nica BCR-ABL1 positiva, policitemia vera, trombocitemia esencial, s\u00edndrome mielodispl\u00e1sico u otra neoplasia mieloide no clasificables<\/li>\n<li>Mutaci\u00f3n JAK2 V617F, CALR o MPL o presencia de otro marcador clonal o de fibrosis de reticulina reactiva menor en la m\u00e9dula \u00f3sea \u2020<\/li>\n<\/ul>\n<p><strong>Criterios menores<\/strong><\/p>\n<ul>\n<li>Anemia no atribuida a una condici\u00f3n coexistente<\/li>\n<li>Leucocitosis (\u226511.000 c\u00e9lulas por mil\u00edmetro c\u00fabico)<\/li>\n<li>Esplenomegalia palpable<\/li>\n<li>Nivel de lactato deshidrogenasa por encima del l\u00edmite superior de la normalidad del rango de referencia institucional<\/li>\n<\/ul>\n<p>\u2020 En ausencia de cualquiera de las tres mutaciones clonales principales, una b\u00fasqueda de otras mutaciones asociadas con neoplasias mieloides (p. e j., ASXL1, EZH2, TET2, IDH1, IDH12, SRSF2 y SF3B1) puede ser \u00fatil para determinar la naturaleza clonal de la enfermedad. Es notable la fibrosis menor de reticulina (grado 1) causada por una infecci\u00f3n, al igual que los trastornos autoinmunes u otras afecciones inflamatorias cr\u00f3nicas, leucemia de c\u00e9lulas pilosas u otras neoplasias linfoides, c\u00e1ncer metast\u00e1sico o mielopat\u00edas t\u00f3xicas (cr\u00f3nicas).<\/p>\n<p>&nbsp;<\/p>\n<p><strong>Bibliograf\u00eda:<\/strong><\/p>\n<ol>\n<li>Finazzi G, Vannucchi AM, Barbui T. Prefibrotic myelofibrosis: treatment algorithm 2018.\u00a0Blood Cancer J. 2018;8(11):104. <a href=\"https:\/\/pubmed.ncbi.nlm.nih.gov\/30405096\/\" target=\"_blank\" rel=\"noopener noreferrer\">[Medline]<\/a><\/li>\n<li>Rumi E, Sant&#8217;Antonio E, Boveri E, et al. Diagnosis and management of prefibrotic myelofibrosis. Expert Rev Hematol. 2018;11(7):537\u2013545. <a href=\"https:\/\/pubmed.ncbi.nlm.nih.gov\/29862872\/\" target=\"_blank\" rel=\"noopener noreferrer\">[Medline]<\/a><\/li>\n<li>Tefferi A, Pardanani A. Essential Thrombocythemia. N Engl J Med. 2019;381(22):2135\u20132144. <a href=\"https:\/\/pubmed.ncbi.nlm.nih.gov\/31774958\/\" target=\"_blank\" rel=\"noopener noreferrer\">[Medline]<\/a><\/li>\n<\/ol>\n<p>&nbsp;<\/p>\n<p>Creado Dic 23, 2019.<\/p>\n\n<div style=\"font-size: 0px; height: 0px; line-height: 0px; margin: 0; padding: 0; clear: both;\"><\/div>","protected":false},"excerpt":{"rendered":"<p>La mielofibrosis prefibr\u00f3tica (MF pre-F) es una entidad distinta entre las neoplasias mieloproliferativas cr\u00f3nicas diagnosticadas seg\u00fan la clasificaci\u00f3n revisada de la OMS. El cuadro cl\u00ednico es heterog\u00e9neo, desde trombocitosis aislada, simulando trombocitemia esencial (TE) hasta s\u00edntomas de MF de alto riesgo.<\/p>\n","protected":false},"author":2,"featured_media":0,"comment_status":"closed","ping_status":"open","sticky":false,"template":"","format":"standard","meta":{"_lmt_disableupdate":"no","_lmt_disable":"no","_exactmetrics_skip_tracking":false,"_exactmetrics_sitenote_active":false,"_exactmetrics_sitenote_note":"","_exactmetrics_sitenote_category":0,"footnotes":""},"categories":[171],"tags":[16,15,14,13,1035,1071,284,283,307,2102,2101,1440,1029,306],"class_list":["post-5869","post","type-post","status-publish","format-standard","hentry","category-hematology","tag-criteria","tag-criterios","tag-diagnostic","tag-diagnostico","tag-early","tag-estadio","tag-mielofibrosis","tag-myelofibrosis","tag-oms","tag-prefibrotic","tag-prefibrotica","tag-stage","tag-temprano","tag-who"],"modified_by":"Guillermo Firman","_links":{"self":[{"href":"https:\/\/medicalcriteria.com\/web\/es\/wp-json\/wp\/v2\/posts\/5869","targetHints":{"allow":["GET"]}}],"collection":[{"href":"https:\/\/medicalcriteria.com\/web\/es\/wp-json\/wp\/v2\/posts"}],"about":[{"href":"https:\/\/medicalcriteria.com\/web\/es\/wp-json\/wp\/v2\/types\/post"}],"author":[{"embeddable":true,"href":"https:\/\/medicalcriteria.com\/web\/es\/wp-json\/wp\/v2\/users\/2"}],"replies":[{"embeddable":true,"href":"https:\/\/medicalcriteria.com\/web\/es\/wp-json\/wp\/v2\/comments?post=5869"}],"version-history":[{"count":8,"href":"https:\/\/medicalcriteria.com\/web\/es\/wp-json\/wp\/v2\/posts\/5869\/revisions"}],"predecessor-version":[{"id":9181,"href":"https:\/\/medicalcriteria.com\/web\/es\/wp-json\/wp\/v2\/posts\/5869\/revisions\/9181"}],"wp:attachment":[{"href":"https:\/\/medicalcriteria.com\/web\/es\/wp-json\/wp\/v2\/media?parent=5869"}],"wp:term":[{"taxonomy":"category","embeddable":true,"href":"https:\/\/medicalcriteria.com\/web\/es\/wp-json\/wp\/v2\/categories?post=5869"},{"taxonomy":"post_tag","embeddable":true,"href":"https:\/\/medicalcriteria.com\/web\/es\/wp-json\/wp\/v2\/tags?post=5869"}],"curies":[{"name":"wp","href":"https:\/\/api.w.org\/{rel}","templated":true}]}}