{"id":7,"date":"2009-02-13T18:41:03","date_gmt":"2009-02-13T18:41:03","guid":{"rendered":"https:\/\/medicalcriteria.com\/web\/neuroalzheimer\/"},"modified":"2025-05-14T21:06:10","modified_gmt":"2025-05-14T21:06:10","slug":"neuroalzheimer","status":"publish","type":"post","link":"https:\/\/medicalcriteria.com\/web\/es\/neuroalzheimer\/","title":{"rendered":"Criterios Diagn\u00f3stico para Enfermedad de Alzheimer (EA)"},"content":{"rendered":"<div class=\"7ca9444b8380138fe077da07353677a4\" data-index=\"1\" style=\"float: none; margin:0px 0 0px 0; text-align:center;\">\n<script async src=\"https:\/\/pagead2.googlesyndication.com\/pagead\/js\/adsbygoogle.js\"><\/script>\r\n<!-- MC 2019- Horizontal -->\r\n<ins class=\"adsbygoogle\"\r\n     style=\"display:block\"\r\n     data-ad-client=\"ca-pub-0127150553352455\"\r\n     data-ad-slot=\"3806776041\"\r\n     data-ad-format=\"auto\"\r\n     data-full-width-responsive=\"true\"><\/ins>\r\n<script>\r\n     (adsbygoogle = window.adsbygoogle || []).push({});\r\n<\/script>\n<\/div>\n<p><\/p>\n<p class=\"MsoNormal\"><strong> Criterios Diagn\u00f3stico NINDS-ADRDA para Enfermedad de <\/strong> <strong>Alzheimer (EA) <\/strong><\/p>\n<p class=\"MsoNormal\"><strong>EA Probable: A m\u00e1s uno o m\u00e1s de las caracter\u00edsticas de soporte B, C, D, o E<\/strong><\/p>\n<p class=\"MsoNormal\"><strong><em>Criterios diagn\u00f3stico <\/em><\/strong><!--more--><\/p>\n<p class=\"MsoNormal\">A. Presencia de deterioro de la memoria epis\u00f3dica significativa y temprana que incluye las siguientes caracter\u00edsticas:<\/p>\n<ol>\n<li class=\"MsoNormal\">Cambio gradual y progresivo en la funci\u00f3n de la memoria reportada por pacientes o informantes durante m\u00e1s de 6 meses<\/li>\n<li class=\"MsoNormal\">Evidencia objetiva de memoria epis\u00f3dica alterada significativamente en pruebas: estas generalmente consisten en recordar el d\u00e9ficit que no mejoran significativamente o no se normalizan con pruebas de reconocimiento y despu\u00e9s de que la codificaci\u00f3n efectiva de la informaci\u00f3n ha sido previamente controlada<\/li>\n<li class=\"MsoNormal\">La alteraci\u00f3n de la memoria epis\u00f3dica puede ser aislada o asociada con otros cambios cognitivos al comienzo de la EA o en la progresi\u00f3n de la EA<\/li>\n<\/ol>\n<p>&nbsp;<\/p>\n<p class=\"MsoNormal\"><strong><em>Caracter\u00edsticas de soporte<\/em><\/strong><\/p>\n<p class=\"MsoNormal\">B. Presencia de atrofia del l\u00f3bulo temporal medial<\/p>\n<ul>\n<li>\n<p class=\"MsoNormal\">P\u00e9rdida de volumen del hipocampo, corteza entorrinal, am\u00edgdala evidenciada en la RNM con valoraci\u00f3n cualitativa utilizando escala visual (referenciado como el normal para la poblaci\u00f3n y edad) o volumetr\u00eda cuantitativa de regiones de inter\u00e9s (referenciado como el normal para la poblaci\u00f3n y edad)<\/p>\n<\/li>\n<\/ul>\n<p class=\"MsoNormal\">C. Biomarcadores anormales en l\u00edquido cefaloraquideo<\/p>\n<ul>\n<li class=\"MsoNormal\">Concentraciones baja de amiloide \u03b21\u201342, concentraciones aumentadas de tau total, o concentraciones aumentadas de fosfo-tau, o combinaciones de los tres<\/li>\n<li class=\"MsoNormal\">Otros marcadores validados que pueden ser descubiertos en el futuro<\/li>\n<\/ul>\n<p class=\"MsoNormal\">D. Patr\u00f3n espec\u00edfico en neuroim\u00e1genes funcionales con PET<\/p>\n<ul>\n<li class=\"MsoNormal\">Reducido metabolismo de la glucosa en regiones parieto-temporal bilateral<\/li>\n<li class=\"MsoNormal\">Otros ligandos validados, incluyendo aquellos que son predecibles y que podr\u00edan surgir como el complejo Pittsburg B o FDDNP<\/li>\n<\/ul>\n<p class=\"MsoNormal\">E. Mutaci\u00f3n autos\u00f3mica dominante de EA en familiares inmediatos<\/p>\n<p class=\"MsoNormal\"><strong><em>Criterios de exclusi\u00f3n<\/em><\/strong><\/p>\n<p class=\"MsoNormal\">Historia<\/p>\n<ul>\n<li class=\"MsoNormal\">Comienzo s\u00fabito<\/li>\n<li class=\"MsoNormal\">Recurrencia temprana de los siguientes s\u00edntomas: trastornos en la marcha, convulsiones, cambios de conducta<\/li>\n<\/ul>\n<p class=\"MsoNormal\">Caracter\u00edsticas cl\u00ednicas<\/p>\n<ul>\n<li class=\"MsoNormal\">Signos de foco neurol\u00f3gico incluyendo hemiparesia, trastorno del sensorio, d\u00e9ficit del campo visual<\/li>\n<li class=\"MsoNormal\">Signos extrapiramidales tempranos<\/li>\n<\/ul>\n<p class=\"MsoNormal\">Otras condiciones m\u00e9dicas suficientemente severas como para producir alteraciones en la memoria y s\u00edntomas relacionados<\/p>\n<ul>\n<li class=\"MsoNormal\">Demencia no Alzheimer<\/li>\n<li class=\"MsoNormal\">Depresi\u00f3n mayor<\/li>\n<li class=\"MsoNormal\">Enfermedad cerebrovascular<\/li>\n<li class=\"MsoNormal\">Anormalidades t\u00f3xicas y metab\u00f3licas, que puedan requerir estudios espec\u00edficos<\/li>\n<li class=\"MsoNormal\">Anormalidades en la se\u00f1al RNM FLAIR o T2 en el l\u00f3bulo temporal medial que pueden consecuencia de injuria infecciosa o vascular<\/li>\n<\/ul>\n<p class=\"MsoNormal\"><strong><em> Criterios para EA definitiva<\/em><\/strong><\/p>\n<p class=\"MsoNormal\">EA es considerada definitiva si los siguientes est\u00e1n presentes:<\/p>\n<ul>\n<li class=\"MsoNormal\">Ambas evidencias cl\u00ednica e histopatol\u00f3gica (biopsia cerebral o autopsia) de la enfermedad, son requeridas por los criterios NIA-Reagan para el diagn\u00f3stico post-mortem de EA; ambos criterios deber\u00edan estar presentes<\/li>\n<li class=\"MsoNormal\">Ambas evidencias cl\u00ednica y gen\u00e9tica (mutaci\u00f3n en el cromosoma 1, 14, o 21) de EA; ambos criterios deber\u00edan estar presentes<\/li>\n<\/ul>\n<p class=\"MsoNormal\"><strong> Criterios Diagn\u00f3stico DSM-IV-TR para Enfermedad de <\/strong> <strong>Alzheimer (EA) <\/strong><\/p>\n<p class=\"MsoNormal\">A. Desarrollo de d\u00e9ficits cognitivos m\u00faltiples manifestados por deterioro de la memoria y uno o m\u00e1s de los siguientes<\/p>\n<ul>\n<li class=\"MsoNormal\">Afasia<\/li>\n<li class=\"MsoNormal\">Apraxia<\/li>\n<li class=\"MsoNormal\">Agnosia<\/li>\n<li class=\"MsoNormal\">y alteraciones en funciones ejecutivas<\/li>\n<\/ul>\n<p class=\"MsoNormal\">B. Los d\u00e9ficits cognitivos representan una disminuci\u00f3n del funcionamiento previo y causa una alteraci\u00f3n significativa en la actividad social u ocupacional<\/p>\n<p class=\"MsoNormal\">C. El curso es caracterizado por un comienzo gradual y declinaci\u00f3n continua<\/p>\n<p class=\"MsoNormal\">D. Los d\u00e9ficits cognitivos no son debidos por otras enfermedades del sistema nervioso central, sist\u00e9mica, o inducidas por sustancias que causan d\u00e9ficits progresivos en la memoria y cognici\u00f3n<\/p>\n<p class=\"MsoNormal\">E. La alteraci\u00f3n no es explicada por otra enfermedad psiqui\u00e1trica.<\/p>\n<p>&nbsp;<\/p>\n<p class=\"MsoNormal\"><strong>Bibliograf\u00eda:<\/strong><\/p>\n<ol>\n<li class=\"MsoNormal\">Reisberg B. Diagnostic criteria in dementia: a comparison of current criteria, research challenges, and implications for DSM-V. J Geriatr Psychiatry Neurol. 2006 Sep;19(3):137-46. <a href=\"https:\/\/pubmed.ncbi.nlm.nih.gov\/16880355\/\" target=\"_blank\" rel=\"noopener\">[Medline]<\/a><\/li>\n<li class=\"MsoNormal\">Dubois B, Feldman HH, Jacova C, Dekosky ST, Barberger-Gateau P, Cummings J, Delacourte A, Galasko D, Gauthier S, Jicha G, Meguro K, O&#8217;brien J, Pasquier F, Robert P, Rossor M, Salloway S, Stern Y, Visser PJ, Scheltens P. Research criteria for the diagnosis of Alzheimer&#8217;s disease: revising the NINCDS-ADRDA criteria. Lancet Neurol. 2007 Aug;6(8):734-46. <a href=\"https:\/\/pubmed.ncbi.nlm.nih.gov\/17616482\/\" target=\"_blank\" rel=\"noopener\">[Medline]<\/a><\/li>\n<\/ol>\n<p>&nbsp;<\/p>\n<p>Creado: Oct 07, 2007<\/p>\n\n<div style=\"font-size: 0px; height: 0px; line-height: 0px; margin: 0; padding: 0; clear: both;\"><\/div>","protected":false},"excerpt":{"rendered":"<p>Criterios Diagn\u00f3stico NINDS-ADRDA para Enfermedad de Alzheimer (EA) EA Probable: A m\u00e1s uno o m\u00e1s de las caracter\u00edsticas de soporte B, C, D, o E Criterios diagn\u00f3stico<\/p>\n","protected":false},"author":2,"featured_media":0,"comment_status":"closed","ping_status":"closed","sticky":false,"template":"","format":"standard","meta":{"_lmt_disableupdate":"","_lmt_disable":"","_exactmetrics_skip_tracking":false,"_exactmetrics_sitenote_active":false,"_exactmetrics_sitenote_note":"","_exactmetrics_sitenote_category":0,"footnotes":""},"categories":[76],"tags":[460,459,16,15,14,13,51,50,1300,1644],"class_list":["post-7","post","type-post","status-publish","format-standard","hentry","category-psychiatry","tag-ad","tag-alzheimer","tag-criteria","tag-criterios","tag-diagnostic","tag-diagnostico","tag-disease","tag-enfermedad","tag-neurology","tag-psychiatric"],"modified_by":"Guillermo Firman","_links":{"self":[{"href":"https:\/\/medicalcriteria.com\/web\/es\/wp-json\/wp\/v2\/posts\/7","targetHints":{"allow":["GET"]}}],"collection":[{"href":"https:\/\/medicalcriteria.com\/web\/es\/wp-json\/wp\/v2\/posts"}],"about":[{"href":"https:\/\/medicalcriteria.com\/web\/es\/wp-json\/wp\/v2\/types\/post"}],"author":[{"embeddable":true,"href":"https:\/\/medicalcriteria.com\/web\/es\/wp-json\/wp\/v2\/users\/2"}],"replies":[{"embeddable":true,"href":"https:\/\/medicalcriteria.com\/web\/es\/wp-json\/wp\/v2\/comments?post=7"}],"version-history":[{"count":4,"href":"https:\/\/medicalcriteria.com\/web\/es\/wp-json\/wp\/v2\/posts\/7\/revisions"}],"predecessor-version":[{"id":8779,"href":"https:\/\/medicalcriteria.com\/web\/es\/wp-json\/wp\/v2\/posts\/7\/revisions\/8779"}],"wp:attachment":[{"href":"https:\/\/medicalcriteria.com\/web\/es\/wp-json\/wp\/v2\/media?parent=7"}],"wp:term":[{"taxonomy":"category","embeddable":true,"href":"https:\/\/medicalcriteria.com\/web\/es\/wp-json\/wp\/v2\/categories?post=7"},{"taxonomy":"post_tag","embeddable":true,"href":"https:\/\/medicalcriteria.com\/web\/es\/wp-json\/wp\/v2\/tags?post=7"}],"curies":[{"name":"wp","href":"https:\/\/api.w.org\/{rel}","templated":true}]}}