{"id":75,"date":"2009-02-27T10:52:57","date_gmt":"2009-02-27T10:52:57","guid":{"rendered":"https:\/\/medicalcriteria.com\/web\/neurocluster\/"},"modified":"2025-05-14T20:58:52","modified_gmt":"2025-05-14T20:58:52","slug":"neurocluster","status":"publish","type":"post","link":"https:\/\/medicalcriteria.com\/web\/es\/neurocluster\/","title":{"rendered":"Criterios Diagn\u00f3stico ICHD-II para Cefalea en Racimos"},"content":{"rendered":"<div class=\"7ca9444b8380138fe077da07353677a4\" data-index=\"1\" style=\"float: none; margin:0px 0 0px 0; text-align:center;\">\n<script async src=\"https:\/\/pagead2.googlesyndication.com\/pagead\/js\/adsbygoogle.js\"><\/script>\r\n<!-- MC 2019- Horizontal -->\r\n<ins class=\"adsbygoogle\"\r\n     style=\"display:block\"\r\n     data-ad-client=\"ca-pub-0127150553352455\"\r\n     data-ad-slot=\"3806776041\"\r\n     data-ad-format=\"auto\"\r\n     data-full-width-responsive=\"true\"><\/ins>\r\n<script>\r\n     (adsbygoogle = window.adsbygoogle || []).push({});\r\n<\/script>\n<\/div>\n<p><\/p>\n<div class=\"Section1\">\n<p style=\"font-weight: 400;\"><strong>Cefalea en racimos<\/strong><\/p>\n<p>A- Al menos 5 ataques que cumpla con los criterios B-D<br \/>\nB- Dolor severo o muy severo unilateral orbitario, supraorbitario y\/o temporal que dura 15-180 minutos si no es tratado<br \/>\nC- Cefalea acompa\u00f1ada por al menos 1 de los siguientes:<br \/>\n<!--more--><\/p>\n<ol style=\"font-weight: 400;\">\n<li>Inyecci\u00f3n conjuntival y\/o lagrimaci\u00f3n ipsilateral<\/li>\n<li>Congesti\u00f3n nasal y\/o rinorrea ipsilateral<\/li>\n<li>Edema de p\u00e1rpado ipsilateral<\/li>\n<li>Sudoraci\u00f3n frontal y facial ipsilateral<\/li>\n<li>Miosis y\/o ptosis ipsilateral<\/li>\n<li>Sensaci\u00f3n de ansiedad o agitaci\u00f3n<\/li>\n<\/ol>\n<p>D- Los ataques tienen una frecuencia desde 1 a 8\/d\u00eda<br \/>\nE- No atribuida a otra enfermedad<\/p>\n<p style=\"font-weight: 400;\"><strong>Cefalea en racimos epis\u00f3dica<\/strong><\/p>\n<p>A- Ataques que cumplen los criterios A-E para \u00abCefalea en racimos\u00bb<br \/>\nB- Al menos 2 per\u00edodos de la cefalea en racimo dura de 7-365 d\u00edas y separado por per\u00edodos de remisi\u00f3n libre de dolor de &gt;\/=1 mes<\/p>\n<p style=\"font-weight: 400;\"><strong>Cefalea en racimos cr\u00f3nica<\/strong><\/p>\n<p>A- Ataques que cumplen los criterios A-E para \u00abCefalea en racimos\u00bb<br \/>\nB- Los ataques recurren &gt;1 a\u00f1o sin per\u00edodos de remisi\u00f3n o con per\u00edodos de remisi\u00f3n que duran &lt;1 mes<\/p>\n<p>&nbsp;<\/p>\n<p style=\"font-weight: 400;\"><strong>Bibliograf\u00eda:<\/strong><\/p>\n<ol style=\"font-weight: 400;\">\n<li>International Headache Society. The International Classification of Headache Disorders, 2nd Edition. Cephalalgia 2004; 24 (suppl 1): 1-160 (www.i-h-s.org)<\/li>\n<\/ol>\n<p style=\"font-weight: 400;\">This material was taken from the International Classification of Headache Disorders. It is intended for educational purposes only.<\/p>\n<p>&nbsp;<\/p>\n<p style=\"font-weight: 400;\">Creado: Jun 13, 2005<\/p>\n<\/div>\n<p><\/p>\n\n<div style=\"font-size: 0px; height: 0px; line-height: 0px; margin: 0; padding: 0; clear: both;\"><\/div>","protected":false},"excerpt":{"rendered":"<p>Cefalea en racimos A- Al menos 5 ataques que cumpla con los criterios B-D B- Dolor severo o muy severo unilateral orbitario, supraorbitario y\/o temporal que dura 15-180 minutos si no es tratado C- Cefalea acompa\u00f1ada por al menos 1 de los siguientes:<\/p>\n","protected":false},"author":2,"featured_media":0,"comment_status":"closed","ping_status":"closed","sticky":false,"template":"","format":"standard","meta":{"_lmt_disableupdate":"no","_lmt_disable":"no","_exactmetrics_skip_tracking":false,"_exactmetrics_sitenote_active":false,"_exactmetrics_sitenote_note":"","_exactmetrics_sitenote_category":0,"footnotes":""},"categories":[2],"tags":[1706,1765,16,15,14,1754,1674,1593,1300,1766],"class_list":["post-75","post","type-post","status-publish","format-standard","hentry","category-neurology","tag-cefalea","tag-cluster","tag-criteria","tag-criterios","tag-diagnostic","tag-headache","tag-ichd","tag-ii","tag-neurology","tag-racimo"],"modified_by":"Guillermo Firman","_links":{"self":[{"href":"https:\/\/medicalcriteria.com\/web\/es\/wp-json\/wp\/v2\/posts\/75","targetHints":{"allow":["GET"]}}],"collection":[{"href":"https:\/\/medicalcriteria.com\/web\/es\/wp-json\/wp\/v2\/posts"}],"about":[{"href":"https:\/\/medicalcriteria.com\/web\/es\/wp-json\/wp\/v2\/types\/post"}],"author":[{"embeddable":true,"href":"https:\/\/medicalcriteria.com\/web\/es\/wp-json\/wp\/v2\/users\/2"}],"replies":[{"embeddable":true,"href":"https:\/\/medicalcriteria.com\/web\/es\/wp-json\/wp\/v2\/comments?post=75"}],"version-history":[{"count":3,"href":"https:\/\/medicalcriteria.com\/web\/es\/wp-json\/wp\/v2\/posts\/75\/revisions"}],"predecessor-version":[{"id":9081,"href":"https:\/\/medicalcriteria.com\/web\/es\/wp-json\/wp\/v2\/posts\/75\/revisions\/9081"}],"wp:attachment":[{"href":"https:\/\/medicalcriteria.com\/web\/es\/wp-json\/wp\/v2\/media?parent=75"}],"wp:term":[{"taxonomy":"category","embeddable":true,"href":"https:\/\/medicalcriteria.com\/web\/es\/wp-json\/wp\/v2\/categories?post=75"},{"taxonomy":"post_tag","embeddable":true,"href":"https:\/\/medicalcriteria.com\/web\/es\/wp-json\/wp\/v2\/tags?post=75"}],"curies":[{"name":"wp","href":"https:\/\/api.w.org\/{rel}","templated":true}]}}