{"id":8038,"date":"2020-10-29T22:20:50","date_gmt":"2020-10-29T22:20:50","guid":{"rendered":"https:\/\/medicalcriteria.com\/web\/?p=8038"},"modified":"2026-01-07T18:53:28","modified_gmt":"2026-01-07T18:53:28","slug":"case-definition-covid-19","status":"publish","type":"post","link":"https:\/\/medicalcriteria.com\/web\/es\/case-definition-covid-19\/","title":{"rendered":"Definici\u00f3n de Caso de Enfermedad por Coronavirus 2019 (COVID-19)"},"content":{"rendered":"<div class=\"7ca9444b8380138fe077da07353677a4\" data-index=\"1\" style=\"float: none; margin:0px 0 0px 0; text-align:center;\">\n<script async src=\"https:\/\/pagead2.googlesyndication.com\/pagead\/js\/adsbygoogle.js\"><\/script>\r\n<!-- MC 2019- Horizontal -->\r\n<ins class=\"adsbygoogle\"\r\n     style=\"display:block\"\r\n     data-ad-client=\"ca-pub-0127150553352455\"\r\n     data-ad-slot=\"3806776041\"\r\n     data-ad-format=\"auto\"\r\n     data-full-width-responsive=\"true\"><\/ins>\r\n<script>\r\n     (adsbygoogle = window.adsbygoogle || []).push({});\r\n<\/script>\n<\/div>\n<p>El s\u00edndrome respiratorio agudo severo por coronavirus 2 (SARS-CoV-2) es un pat\u00f3geno recientemente identificado y se supone que no existe inmunidad humana preexistente al virus. Se ha documentado la seroconversi\u00f3n inicial, incluidos los anticuerpos neutralizantes, y existe alguna evidencia de que es probable que exista inmunidad a la nueva exposici\u00f3n al SARS-CoV-2 durante la convalecencia temprana.<!--more--><\/p>\r\n<p><strong>Criterios cl\u00ednicos<\/strong><br \/>En ausencia de un diagn\u00f3stico m\u00e1s probable:<\/p>\r\n<ul>\r\n<li>Al menos <span style=\"text-decoration: underline;\">dos<\/span> de los siguientes s\u00edntomas:<br \/>\r\n<ul style=\"list-style-type: circle;\">\r\n<li>fiebre (medida o subjetiva),<\/li>\r\n<li>escalofr\u00edos,<\/li>\r\n<li>temblores<\/li>\r\n<li>mialgias,<\/li>\r\n<li>cefalea,<\/li>\r\n<li>dolor de garganta,<\/li>\r\n<li>n\u00e1useas o v\u00f3mitos,<\/li>\r\n<li>diarrea,<\/li>\r\n<li>fatiga,<\/li>\r\n<li>congesti\u00f3n o secreci\u00f3n nasal<\/li>\r\n<\/ul>\r\n<\/li>\r\n<\/ul>\r\n<p style=\"padding-left: 40px;\"><strong>O<\/strong><\/p>\r\n<ul>\r\n<li>Cualquiera (<span style=\"text-decoration: underline;\">uno<\/span>) de los siguientes s\u00edntomas:<\/li>\r\n<\/ul>\r\n<ul>\r\n<li style=\"list-style-type: none;\">\r\n<ul style=\"list-style-type: circle;\">\r\n<li>tos,<\/li>\r\n<li>dificultad para respirar,<\/li>\r\n<li>respiraci\u00f3n dificultosa,<\/li>\r\n<li>nuevo trastorno olfativo,<\/li>\r\n<li>nuevo trastorno del gusto<\/li>\r\n<\/ul>\r\n<\/li>\r\n<\/ul>\r\n<p style=\"padding-left: 40px;\"><strong>O<\/strong><\/p>\r\n<ul>\r\n<li>Enfermedad respiratoria grave con al menos <span style=\"text-decoration: underline;\">uno<\/span> de los siguientes:<\/li>\r\n<\/ul>\r\n<ul>\r\n<li style=\"list-style-type: none;\">\r\n<ul style=\"list-style-type: circle;\">\r\n<li>Evidencia cl\u00ednica o radiogr\u00e1fica de neumon\u00eda,<\/li>\r\n<li>S\u00edndrome de dificultad respiratoria aguda (SDRA).<\/li>\r\n<\/ul>\r\n<\/li>\r\n<\/ul>\r\n<p><strong>Criterios de laboratorio<\/strong><br \/>Evidencia de laboratorio utilizando un m\u00e9todo aprobado o autorizado por la FDA4 o la autoridad designada:<\/p>\r\n<p><strong>Evidencia confirmatoria* de laboratorio:<\/strong><\/p>\r\n<ul>\r\n<li>Detecci\u00f3n del \u00e1cido ribonucleico del coronavirus 2 del s\u00edndrome respiratorio agudo severo (ARN del SARS-CoV-2) en una muestra cl\u00ednica o de autopsia mediante una prueba de amplificaci\u00f3n molecular<\/li>\r\n<\/ul>\r\n<p><strong>Evidencia presuntiva* de laboratorio:<\/strong><\/p>\r\n<ul>\r\n<li>Detecci\u00f3n de SARS-CoV-2 mediante prueba de ant\u00edgeno en una muestra respiratoria<\/li>\r\n<\/ul>\r\n<p><strong>Evidencia de laboratorio de apoyo*:<\/strong><\/p>\r\n<ul>\r\n<li>Detecci\u00f3n de anticuerpos espec\u00edficos en suero, plasma o sangre<\/li>\r\n<li>Detecci\u00f3n de ant\u00edgeno espec\u00edfico por inmunocitoqu\u00edmica en una muestra de autopsia<\/li>\r\n<\/ul>\r\n<p>* Los t\u00e9rminos confirmatorio, presuntivo y de apoyo son etiquetas categ\u00f3ricas que se utilizan para estandarizar las clasificaciones de casos para la vigilancia en salud p\u00fablica. Los t\u00e9rminos no deben usarse para interpretar la utilidad o validez de ninguna metodolog\u00eda de prueba de laboratorio.<\/p>\r\n<p><strong>Vinculaci\u00f3n epidemiol\u00f3gica<\/strong><br \/>Una o m\u00e1s de las siguientes exposiciones en los 14 d\u00edas anteriores:<\/p>\r\n<ul>\r\n<li>Contacto cercano ** con un caso confirmado o probable de enfermedad COVID-19;<\/li>\r\n<li>Miembro de una cohorte de riesgo definida por las autoridades de salud p\u00fablica durante un brote.<\/li>\r\n<\/ul>\r\n<p>** El contacto cercano se define generalmente como estar dentro de los 6 pies (1,8 m) durante al menos 15 minutos. Sin embargo, depende del nivel de exposici\u00f3n y la situaci\u00f3n; por ejemplo, en el contexto de un procedimiento de generaci\u00f3n de aerosoles en entornos de atenci\u00f3n m\u00e9dica sin el equipo de protecci\u00f3n personal (EPP) adecuado, esto puede definirse como cualquier duraci\u00f3n. Los datos son insuficientes para definir con precisi\u00f3n la duraci\u00f3n de la exposici\u00f3n que constituye una exposici\u00f3n prolongada y, por lo tanto, un contacto cercano.<\/p>\r\n<p><strong>Criterios para distinguir un caso nuevo de un caso existente<\/strong><br \/>Una prueba positiva repetida para ARN del SARS-CoV-2 utilizando una prueba de detecci\u00f3n de amplificaci\u00f3n molecular dentro de los 3 meses posteriores al informe inicial no debe enumerarse como un caso nuevo con fines de vigilancia. Hasta la fecha, ha habido una m\u00ednima evidencia de reinfecci\u00f3n entre personas con una infecci\u00f3n previa confirmada por COVID-19 y una creciente evidencia de que la repetici\u00f3n de pruebas de ARN positivas no se correlacionan con la infecci\u00f3n activa cuando se realiza un cultivo viral. De manera similar, la experiencia con otros coronavirus es que la reinfecci\u00f3n es rara durante el primer a\u00f1o. NOTA: El per\u00edodo de tiempo de 3 meses se extender\u00e1 a\u00fan m\u00e1s cuando haya m\u00e1s datos disponibles para mostrar que el riesgo de reinfecci\u00f3n permanece bajo dentro de un a\u00f1o del informe inicial.<\/p>\r\n<p><strong>Clasificaci\u00f3n de casos<\/strong><\/p>\r\n<p><strong>Sospechoso<\/strong><\/p>\r\n<ul>\r\n<li>Cumple con evidencia de laboratorio *** sin antecedentes de ser un caso confirmado o probable.<\/li>\r\n<\/ul>\r\n<p>*** Para los casos sospechosos (solo serolog\u00eda positiva), las jurisdicciones pueden optar por colocarlos en un registro para otros an\u00e1lisis epidemiol\u00f3gicos o investigar para determinar el estado probable o confirmado.<\/p>\r\n<p><strong>Probable<\/strong><\/p>\r\n<ul>\r\n<li>Cumple con los criterios cl\u00ednicos <strong>Y<\/strong> el v\u00ednculo epidemiol\u00f3gico sin que se realicen pruebas\u00a0confirmatorias\u00a0de laboratorio para el SARS-CoV-2.<\/li>\r\n<li>Cumple con evidencia presuntiva de laboratorio.<\/li>\r\n<li>Cumple con los criterios de registros vitales sin evidencia de laboratorio confirmatoria para el SARS-CoV-2.<\/li>\r\n<\/ul>\r\n<p><strong>Confirmado<\/strong><\/p>\r\n<ul>\r\n<li>Cumple con la evidencia confirmatoria de laboratorio.<\/li>\r\n<\/ul>\r\n<p><strong>Otros criterios<\/strong><\/p>\r\n<ul>\r\n<li>Criterios de registros vitales<\/li>\r\n<\/ul>\r\n<p>&nbsp;<\/p>\r\n<p><strong>Bibliograf\u00eda:<\/strong><\/p>\r\n<ol>\r\n<li>Coronavirus Disease 2019 (COVID-19) 2020 Interim Case Definition, Approved August 5, 2020 <a href=\"https:\/\/wwwn.cdc.gov\/nndss\/conditions\/coronavirus-disease-2019-covid-19\/case-definition\/2020\/08\/05\/\" target=\"_blank\" rel=\"noopener noreferrer\">[CDC]<\/a><\/li>\r\n<li>Garcia M, Lipskiy N, Tyson J, Watkins R, Esser ES, Kinley T. Centers for Disease Control and Prevention 2019 novel coronavirus disease (COVID-19) information management: addressing national health-care and public health needs for standardized data definitions and codified vocabulary for data exchange. J Am Med Inform Assoc. 2020 Jul 1;27(9):1476-1487. <a href=\"https:\/\/pubmed.ncbi.nlm.nih.gov\/32940705\/\" target=\"_blank\" rel=\"noopener noreferrer\">[Medline]<\/a><\/li>\r\n<\/ol>\r\n<p>&nbsp;<\/p>\r\n<p>Creado Oct 29, 2020.<\/p>\r\n<!-- \/wp:post-content -->\n<div style=\"font-size: 0px; height: 0px; line-height: 0px; margin: 0; padding: 0; clear: both;\"><\/div>","protected":false},"excerpt":{"rendered":"<p>El s\u00edndrome respiratorio agudo severo por coronavirus 2 (SARS-CoV-2) es un pat\u00f3geno recientemente identificado y se supone que no existe inmunidad humana preexistente al virus. Se ha documentado la seroconversi\u00f3n inicial, incluidos los anticuerpos neutralizantes, y existe alguna evidencia de que es probable que exista inmunidad a la nueva exposici\u00f3n al SARS-CoV-2 durante la convalecencia [&hellip;]<\/p>\n","protected":false},"author":2,"featured_media":0,"comment_status":"closed","ping_status":"open","sticky":false,"template":"","format":"standard","meta":{"_lmt_disableupdate":"no","_lmt_disable":"no","_exactmetrics_skip_tracking":false,"_exactmetrics_sitenote_active":false,"_exactmetrics_sitenote_note":"","_exactmetrics_sitenote_category":0,"footnotes":""},"categories":[39],"tags":[316,315,2123,2146,314,313,51,50],"class_list":["post-8038","post","type-post","status-publish","format-standard","hentry","category-infetious-disease","tag-case","tag-caso","tag-coronavirus","tag-covid-19","tag-definicion","tag-definition","tag-disease","tag-enfermedad"],"modified_by":"Guillermo Firman","_links":{"self":[{"href":"https:\/\/medicalcriteria.com\/web\/es\/wp-json\/wp\/v2\/posts\/8038","targetHints":{"allow":["GET"]}}],"collection":[{"href":"https:\/\/medicalcriteria.com\/web\/es\/wp-json\/wp\/v2\/posts"}],"about":[{"href":"https:\/\/medicalcriteria.com\/web\/es\/wp-json\/wp\/v2\/types\/post"}],"author":[{"embeddable":true,"href":"https:\/\/medicalcriteria.com\/web\/es\/wp-json\/wp\/v2\/users\/2"}],"replies":[{"embeddable":true,"href":"https:\/\/medicalcriteria.com\/web\/es\/wp-json\/wp\/v2\/comments?post=8038"}],"version-history":[{"count":11,"href":"https:\/\/medicalcriteria.com\/web\/es\/wp-json\/wp\/v2\/posts\/8038\/revisions"}],"predecessor-version":[{"id":9415,"href":"https:\/\/medicalcriteria.com\/web\/es\/wp-json\/wp\/v2\/posts\/8038\/revisions\/9415"}],"wp:attachment":[{"href":"https:\/\/medicalcriteria.com\/web\/es\/wp-json\/wp\/v2\/media?parent=8038"}],"wp:term":[{"taxonomy":"category","embeddable":true,"href":"https:\/\/medicalcriteria.com\/web\/es\/wp-json\/wp\/v2\/categories?post=8038"},{"taxonomy":"post_tag","embeddable":true,"href":"https:\/\/medicalcriteria.com\/web\/es\/wp-json\/wp\/v2\/tags?post=8038"}],"curies":[{"name":"wp","href":"https:\/\/api.w.org\/{rel}","templated":true}]}}