{"id":8194,"date":"2020-12-18T20:23:04","date_gmt":"2020-12-18T20:23:04","guid":{"rendered":"https:\/\/medicalcriteria.com\/web\/?p=8194"},"modified":"2026-01-07T18:49:07","modified_gmt":"2026-01-07T18:49:07","slug":"esophageal-motility-disorders","status":"publish","type":"post","link":"https:\/\/medicalcriteria.com\/web\/es\/esophageal-motility-disorders\/","title":{"rendered":"Caracter\u00edsticas de los Trastornos de la Motilidad Esof\u00e1gica"},"content":{"rendered":"<div class=\"7ca9444b8380138fe077da07353677a4\" data-index=\"1\" style=\"float: none; margin:0px 0 0px 0; text-align:center;\">\n<script async src=\"https:\/\/pagead2.googlesyndication.com\/pagead\/js\/adsbygoogle.js\"><\/script>\r\n<!-- MC 2019- Horizontal -->\r\n<ins class=\"adsbygoogle\"\r\n     style=\"display:block\"\r\n     data-ad-client=\"ca-pub-0127150553352455\"\r\n     data-ad-slot=\"3806776041\"\r\n     data-ad-format=\"auto\"\r\n     data-full-width-responsive=\"true\"><\/ins>\r\n<script>\r\n     (adsbygoogle = window.adsbygoogle || []).push({});\r\n<\/script>\n<\/div>\n<p>Los trastornos de la motilidad esof\u00e1gica se clasifican como trastornos primarios y secundarios. La patogenia de los trastornos secundarios de la motilidad est\u00e1n asociados con enfermedades sist\u00e9micas.<!--more--><\/p>\n<p><strong>Caracter\u00edsticas de los trastornos de la motilidad esof\u00e1gica<\/strong><\/p>\n<p><strong>Trastornos de la motilidad esof\u00e1gica primaria o idiop\u00e1tica<\/strong><\/p>\n<p><strong>Mayores<\/strong><\/p>\n<ul>\n<li>Acalasia es\u00f3fago tipos 1, 2 y 3: relajaci\u00f3n alterada del esf\u00ednter esof\u00e1gico inferior y ausencia de peristaltismo<\/li>\n<li>Obstrucci\u00f3n del flujo de salida de la uni\u00f3n esofagog\u00e1strica: deterioro de la relajaci\u00f3n del esf\u00ednter esof\u00e1gico inferior y peristaltismo normal<\/li>\n<li>Espasmo esof\u00e1gico distal: Relajaci\u00f3n normal del esf\u00ednter esof\u00e1gico inferior y latencia reducida de<br \/>\ncontracci\u00f3n esof\u00e1gica distal<\/li>\n<li>Hipercontractilidad del es\u00f3fago: Tambi\u00e9n se llama es\u00f3fago de cascanueces o martillo neum\u00e1tico; relajaci\u00f3n normal del esf\u00ednter esof\u00e1gico inferior con contracciones perist\u00e1lticas de gran amplitud<\/li>\n<\/ul>\n<p><strong>Menores<\/strong><\/p>\n<ul>\n<li>Peristaltismo esof\u00e1gico ineficaz: contracciones esof\u00e1gicas de baja amplitud o peristaltismo esof\u00e1gico fragmentado<\/li>\n<\/ul>\n<p><strong>Trastornos secundarios de la motilidad esof\u00e1gica<\/strong><\/p>\n<ul>\n<li>Miastenia gravis: baja presi\u00f3n del esf\u00ednter esof\u00e1gico superior y fatiga de los m\u00fasculos esof\u00e1gicos con degluci\u00f3n repetitiva<\/li>\n<li>Dermatomiositis: baja presi\u00f3n del esf\u00ednter esof\u00e1gico superior y fatiga de los m\u00fasculos esof\u00e1gicos con degluci\u00f3n repetitiva<\/li>\n<li>Es\u00f3fago por esclerodermia: presi\u00f3n baja o ausente del esf\u00ednter esof\u00e1gico inferior; ausencia de contracciones esof\u00e1gicas y peristaltismo en el m\u00fasculo liso del es\u00f3fago<\/li>\n<li>Trastornos del tejido conectivo: presi\u00f3n baja o nula del esf\u00ednter esof\u00e1gico inferior; ausencia de contracciones esof\u00e1gicas y peristaltismo en el m\u00fasculo liso del es\u00f3fago<\/li>\n<li>Diabetes mellitus: contracciones esof\u00e1gicas de baja amplitud, m\u00faltiples picos y baja presi\u00f3n del esf\u00ednter esof\u00e1gico inferior<\/li>\n<li>Es\u00f3fago de acalasia secundaria: asociado con infiltraci\u00f3n neopl\u00e1sica del esf\u00ednter esof\u00e1gico inferior o enfermedad de Chagas<\/li>\n<\/ul>\n<p>&nbsp;<\/p>\n<p><strong>Bibliograf\u00eda:<\/strong><\/p>\n<ol>\n<li>Mittal R, Vaezi MF. Esophageal Motility Disorders and Gastroesophageal Reflux Disease. N Engl J Med. 2020 Nov 12;383(20):1961-1972. <a href=\"https:\/\/pubmed.ncbi.nlm.nih.gov\/33176086\/\" target=\"_blank\" rel=\"noopener noreferrer\">[Medline]<\/a><\/li>\n<li>Kahrilas PJ, Bredenoord AJ, Carlson DA, Pandolfino JE. Advances in Management of Esophageal Motility Disorders. Clin Gastroenterol Hepatol. 2018 Nov;16(11):1692-1700. <a href=\"https:\/\/pubmed.ncbi.nlm.nih.gov\/29702296\/\" target=\"_blank\" rel=\"noopener noreferrer\">[Medline]<\/a><\/li>\n<\/ol>\n<p>&nbsp;<\/p>\n<p>Creado Dic 15, 2020.<\/p>\n\n<div style=\"font-size: 0px; height: 0px; line-height: 0px; margin: 0; padding: 0; clear: both;\"><\/div>","protected":false},"excerpt":{"rendered":"<p>Los trastornos de la motilidad esof\u00e1gica se clasifican como trastornos primarios y secundarios. La patogenia de los trastornos secundarios de la motilidad est\u00e1n asociados con enfermedades sist\u00e9micas.<\/p>\n","protected":false},"author":2,"featured_media":0,"comment_status":"closed","ping_status":"open","sticky":false,"template":"","format":"standard","meta":{"_lmt_disableupdate":"no","_lmt_disable":"no","_exactmetrics_skip_tracking":false,"_exactmetrics_sitenote_active":false,"_exactmetrics_sitenote_note":"","_exactmetrics_sitenote_category":0,"footnotes":""},"categories":[53],"tags":[40,939,2294,1815,2293,2292,114,2291,2089],"class_list":["post-8194","post","type-post","status-publish","format-standard","hentry","category-gastroenterology","tag-caracteristicas","tag-disorders","tag-esofagica","tag-esophageal","tag-motilidad","tag-motility","tag-primary","tag-secondary","tag-trastornos"],"modified_by":"Guillermo Firman","_links":{"self":[{"href":"https:\/\/medicalcriteria.com\/web\/es\/wp-json\/wp\/v2\/posts\/8194","targetHints":{"allow":["GET"]}}],"collection":[{"href":"https:\/\/medicalcriteria.com\/web\/es\/wp-json\/wp\/v2\/posts"}],"about":[{"href":"https:\/\/medicalcriteria.com\/web\/es\/wp-json\/wp\/v2\/types\/post"}],"author":[{"embeddable":true,"href":"https:\/\/medicalcriteria.com\/web\/es\/wp-json\/wp\/v2\/users\/2"}],"replies":[{"embeddable":true,"href":"https:\/\/medicalcriteria.com\/web\/es\/wp-json\/wp\/v2\/comments?post=8194"}],"version-history":[{"count":6,"href":"https:\/\/medicalcriteria.com\/web\/es\/wp-json\/wp\/v2\/posts\/8194\/revisions"}],"predecessor-version":[{"id":8217,"href":"https:\/\/medicalcriteria.com\/web\/es\/wp-json\/wp\/v2\/posts\/8194\/revisions\/8217"}],"wp:attachment":[{"href":"https:\/\/medicalcriteria.com\/web\/es\/wp-json\/wp\/v2\/media?parent=8194"}],"wp:term":[{"taxonomy":"category","embeddable":true,"href":"https:\/\/medicalcriteria.com\/web\/es\/wp-json\/wp\/v2\/categories?post=8194"},{"taxonomy":"post_tag","embeddable":true,"href":"https:\/\/medicalcriteria.com\/web\/es\/wp-json\/wp\/v2\/tags?post=8194"}],"curies":[{"name":"wp","href":"https:\/\/api.w.org\/{rel}","templated":true}]}}