{"id":8698,"date":"2021-06-25T20:21:37","date_gmt":"2021-06-25T20:21:37","guid":{"rendered":"https:\/\/medicalcriteria.com\/web\/?p=8698"},"modified":"2026-01-05T18:50:23","modified_gmt":"2026-01-05T18:50:23","slug":"covid-19-severity","status":"publish","type":"post","link":"https:\/\/medicalcriteria.com\/web\/es\/covid-19-severity\/","title":{"rendered":"Caracter\u00edsticas y Manejo de Covid-19 seg\u00fan la Gravedad de la Enfermedad"},"content":{"rendered":"<div class=\"7ca9444b8380138fe077da07353677a4\" data-index=\"1\" style=\"float: none; margin:0px 0 0px 0; text-align:center;\">\n<script async src=\"https:\/\/pagead2.googlesyndication.com\/pagead\/js\/adsbygoogle.js\"><\/script>\r\n<!-- MC 2019- Horizontal -->\r\n<ins class=\"adsbygoogle\"\r\n     style=\"display:block\"\r\n     data-ad-client=\"ca-pub-0127150553352455\"\r\n     data-ad-slot=\"3806776041\"\r\n     data-ad-format=\"auto\"\r\n     data-full-width-responsive=\"true\"><\/ins>\r\n<script>\r\n     (adsbygoogle = window.adsbygoogle || []).push({});\r\n<\/script>\n<\/div>\n<p>La evaluaci\u00f3n y el tratamiento de Covid-19 dependen de la gravedad de la enfermedad. Los pacientes con enfermedad leve generalmente se recuperan en casa, mientras que los pacientes con enfermedad moderada deben ser monitoreados de cerca y en ocasiones hospitalizados.<!--more--><\/p>\n<p><strong>Caracter\u00edsticas y Manejo de Covid-19 seg\u00fan la Gravedad de la Enfermedad<\/strong><\/p>\n<table style=\"border-collapse: collapse; width: 100%;\" border=\"1\">\n<tbody>\n<tr>\n<td style=\"width: 19.1697%;\"><\/td>\n<td style=\"width: 35.409%;\"><strong>Caracter\u00edsticas<\/strong><\/td>\n<td style=\"width: 45.4212%;\"><strong>Consideraciones de manejo<\/strong><\/td>\n<\/tr>\n<tr>\n<td style=\"width: 19.1697%;\">Asintom\u00e1tico o presintom\u00e1tico<\/td>\n<td style=\"width: 35.409%;\">Prueba de SARS-CoV-2 positiva; sin s\u00edntomas<\/td>\n<td style=\"width: 45.4212%;\">Seguimiento de los s\u00edntomas<\/td>\n<\/tr>\n<tr>\n<td style=\"width: 19.1697%;\">Enfermedad leve<\/td>\n<td style=\"width: 35.409%;\">S\u00edntomas leves (por ej., fiebre, tos o cambios en el gusto o el olfato); sin disnea<\/td>\n<td style=\"width: 45.4212%;\">Seguimiento cl\u00ednico y cuidados de apoyo<\/td>\n<\/tr>\n<tr>\n<td style=\"width: 19.1697%;\">Enfermedad moderada<\/td>\n<td style=\"width: 35.409%;\">Evidencia cl\u00ednica o radiogr\u00e1fica de enfermedad del tracto respiratorio inferior; saturaci\u00f3n de ox\u00edgeno \u226594%<\/td>\n<td style=\"width: 45.4212%;\">Seguimiento cl\u00ednico; si el paciente est\u00e1 hospitalizado<br \/>\ny en alto riesgo de deterioro, posiblemente remdesivir<\/td>\n<\/tr>\n<tr>\n<td style=\"width: 19.1697%;\">Enfermedad severa<\/td>\n<td style=\"width: 35.409%;\">Saturaci\u00f3n de ox\u00edgeno &lt;94%; frecuencia respiratoria \u226530 respiraciones\/min; infiltrados pulmonares&gt; 50%<\/td>\n<td style=\"width: 45.4212%;\">Hospitalizaci\u00f3n, oxigenoterapia y espec\u00edficos<br \/>\nterapia (remdesivir, dexametasona)<\/td>\n<\/tr>\n<tr>\n<td style=\"width: 19.1697%;\">Enfermedad cr\u00edtica<\/td>\n<td style=\"width: 35.409%;\">Insuficiencia respiratoria, shock y disfunci\u00f3n o insuficiencia multiorg\u00e1nica<\/td>\n<td style=\"width: 45.4212%;\">Cuidados intensivos y terapia espec\u00edfica (dexametasona, posiblemente remdesivir)<\/td>\n<\/tr>\n<\/tbody>\n<\/table>\n<p>&nbsp;<\/p>\n<p>&nbsp;<\/p>\n<p><strong>Bibliograf\u00eda:<\/strong><\/p>\n<ol>\n<li>Gandhi RT, Lynch JB, Del Rio C. Mild or Moderate Covid-19. N Engl J Med. 2020 Oct 29;383(18):1757-1766. <a href=\"https:\/\/pubmed.ncbi.nlm.nih.gov\/32329974\/\" target=\"_blank\" rel=\"noopener noreferrer\">[Medline]<\/a><\/li>\n<li>Blair JE, Gotimukul A, Wang F, Mina SA, Bartels HC, Burns MW, Kole AE, Vikram HR, Gea-Banacloche JC, Seville MT, Petty SAB, Vikram A, Orenstein R. Mild to moderate COVID-19 illness in adult outpatients: Characteristics, symptoms, and outcomes in the first 4 weeks of illness. Medicine (Baltimore). 2021 Jun 18;100(24):e26371. <a href=\"https:\/\/pubmed.ncbi.nlm.nih.gov\/34128896\/\" target=\"_blank\" rel=\"noopener noreferrer\">[Medline]<\/a><\/li>\n<\/ol>\n<p>Creado Jun 25, 2021.<\/p>\n<p>&nbsp;<\/p>\n\n<div style=\"font-size: 0px; height: 0px; line-height: 0px; margin: 0; padding: 0; clear: both;\"><\/div>","protected":false},"excerpt":{"rendered":"<p>La evaluaci\u00f3n y el tratamiento de Covid-19 dependen de la gravedad de la enfermedad. Los pacientes con enfermedad leve generalmente se recuperan en casa, mientras que los pacientes con enfermedad moderada deben ser monitoreados de cerca y en ocasiones hospitalizados.<\/p>\n","protected":false},"author":2,"featured_media":0,"comment_status":"closed","ping_status":"open","sticky":false,"template":"","format":"standard","meta":{"_lmt_disableupdate":"no","_lmt_disable":"no","_exactmetrics_skip_tracking":false,"_exactmetrics_sitenote_active":false,"_exactmetrics_sitenote_note":"","_exactmetrics_sitenote_category":0,"footnotes":""},"categories":[39],"tags":[40,952,2146,51,50,182,259,260,180],"class_list":["post-8698","post","type-post","status-publish","format-standard","hentry","category-infetious-disease","tag-caracteristicas","tag-characteristics","tag-covid-19","tag-disease","tag-enfermedad","tag-gravedad","tag-management","tag-manejo","tag-severity"],"modified_by":"Guillermo Firman","_links":{"self":[{"href":"https:\/\/medicalcriteria.com\/web\/es\/wp-json\/wp\/v2\/posts\/8698","targetHints":{"allow":["GET"]}}],"collection":[{"href":"https:\/\/medicalcriteria.com\/web\/es\/wp-json\/wp\/v2\/posts"}],"about":[{"href":"https:\/\/medicalcriteria.com\/web\/es\/wp-json\/wp\/v2\/types\/post"}],"author":[{"embeddable":true,"href":"https:\/\/medicalcriteria.com\/web\/es\/wp-json\/wp\/v2\/users\/2"}],"replies":[{"embeddable":true,"href":"https:\/\/medicalcriteria.com\/web\/es\/wp-json\/wp\/v2\/comments?post=8698"}],"version-history":[{"count":6,"href":"https:\/\/medicalcriteria.com\/web\/es\/wp-json\/wp\/v2\/posts\/8698\/revisions"}],"predecessor-version":[{"id":8709,"href":"https:\/\/medicalcriteria.com\/web\/es\/wp-json\/wp\/v2\/posts\/8698\/revisions\/8709"}],"wp:attachment":[{"href":"https:\/\/medicalcriteria.com\/web\/es\/wp-json\/wp\/v2\/media?parent=8698"}],"wp:term":[{"taxonomy":"category","embeddable":true,"href":"https:\/\/medicalcriteria.com\/web\/es\/wp-json\/wp\/v2\/categories?post=8698"},{"taxonomy":"post_tag","embeddable":true,"href":"https:\/\/medicalcriteria.com\/web\/es\/wp-json\/wp\/v2\/tags?post=8698"}],"curies":[{"name":"wp","href":"https:\/\/api.w.org\/{rel}","templated":true}]}}