{"id":9792,"date":"2022-07-26T19:00:16","date_gmt":"2022-07-26T19:00:16","guid":{"rendered":"https:\/\/medicalcriteria.com\/web\/?p=9792"},"modified":"2025-12-30T20:11:40","modified_gmt":"2025-12-30T20:11:40","slug":"clinical-frailty-scale-cfs","status":"publish","type":"post","link":"https:\/\/medicalcriteria.com\/web\/es\/clinical-frailty-scale-cfs\/","title":{"rendered":"Escala Cl\u00ednica de Fragilidad (ECF)"},"content":{"rendered":"<div class=\"7ca9444b8380138fe077da07353677a4\" data-index=\"1\" style=\"float: none; margin:0px 0 0px 0; text-align:center;\">\n<script async src=\"https:\/\/pagead2.googlesyndication.com\/pagead\/js\/adsbygoogle.js\"><\/script>\r\n<!-- MC 2019- Horizontal -->\r\n<ins class=\"adsbygoogle\"\r\n     style=\"display:block\"\r\n     data-ad-client=\"ca-pub-0127150553352455\"\r\n     data-ad-slot=\"3806776041\"\r\n     data-ad-format=\"auto\"\r\n     data-full-width-responsive=\"true\"><\/ins>\r\n<script>\r\n     (adsbygoogle = window.adsbygoogle || []).push({});\r\n<\/script>\n<\/div>\n<p>La noci\u00f3n general de fragilidad se entiende ampliamente como un estado de mayor vulnerabilidad a los factores estresantes, que sigue a la disminuci\u00f3n de la funci\u00f3n y las reservas relacionadas con la edad en m\u00faltiples sistemas fisiol\u00f3gicos. La fragilidad se caracteriza cl\u00ednicamente por una recuperaci\u00f3n m\u00e1s lenta y\/o incompleta de factores estresantes como infecci\u00f3n, lesi\u00f3n, cirug\u00eda o angustia psicosocial.<br \/>\n<!--more--><\/p>\n<p><strong>Escala Cl\u00ednica de Fragilidad de Rockwood (ECF)<\/strong><\/p>\n<ol>\n<li>\u00d3ptimo estado de salud: Personas sanas, activas, en\u00e9rgicas y motivadas. Hacen ejercicio regularmente.<br \/>\nPresentan mejor estado general que la gente de su edad.<\/li>\n<li>Buen estado de salud: Personas que no tienen s\u00edntomas de enfermedad activa, pero el estado general es peor que la categor\u00eda anterior. A menudo hacen ejercicio o presentan mayor actividad en periodos discontinuos.<\/li>\n<li>Persona con buena autonom\u00eda: Los problemas m\u00e9dicos est\u00e1n bien controlados, pero no se muestran regularmente activas, m\u00e1s all\u00e1 de la rutina de caminar.<\/li>\n<li>Vulnerable: Si bien no depende de la ayuda de terceros, a menudo los s\u00edntomas limitan las actividades. Una queja com\u00fan es \u00abir m\u00e1s despacio\u00bb y\/o estar cansado durante el d\u00eda.<\/li>\n<li>Ligeramente fr\u00e1gil: Necesitan ayuda, es evidente algo de lentitud en sus acciones y precisan apoyo en la Actividad Instrumental de la Vida Diaria (AIVD) (finanzas, transporte, trabajo dom\u00e9stico pesado, medicamentos, etc.). Generalmente, la fragilidad moderada va impidiendo de forma progresiva ir de compras y caminar solo, preparar la comida y realizar las tareas del hogar.<\/li>\n<li>Moderadamente fr\u00e1gil: Necesitan ayuda con todas las actividades externas y con el mantenimiento de la casa. En casa, a menudo tienen problemas con las escaleras y precisan ayuda para ba\u00f1arse y es posible que requieran asistencia m\u00ednima (indicaciones) con el vestido.<\/li>\n<li>Gravemente fr\u00e1gil: Completamente dependiente para el cuidado personal por cualquier causa (f\u00edsica o cognitiva). Aun as\u00ed, parecen estar estables y no tienen un alto riesgo de morir (pr\u00f3ximos 6 meses).<\/li>\n<li>Severamente fr\u00e1gil: Totalmente dependiente, acerc\u00e1ndose al final de la vida. Por norma general, no pueden recuperarse ni incluso de una enfermedad menor.<\/li>\n<li>Situaci\u00f3n terminal: Al acercarse al final de la vida, esta categor\u00eda se aplica a las personas con una esperanza de vida inferior a 6 meses, que no son evidentemente d\u00e9biles.<\/li>\n<\/ol>\n<p><strong>Fragilidad en personas con demencia<\/strong><\/p>\n<p>El grado de fragilidad corresponde al grado de demencia:<\/p>\n<ul>\n<li>Entre los s\u00edntomas comunes de la demencia leve se encuentran olvidar los detalles de un evento reciente, aunque a\u00fan recuerde el evento en s\u00ed, repetir la misma pregunta o historia y aislamiento social.<\/li>\n<li>En la demencia moderada, la memoria reciente est\u00e1 muy deteriorada, incluso aunque aparentemente puedan recordar bien detalles de su vida. Pueden realizar actividades de autocuidado con pautas y supervisi\u00f3n.<\/li>\n<li>En la demencia severa necesitan a terceras personas para su cuidado.<\/li>\n<\/ul>\n<p>&nbsp;<\/p>\n<p><strong>Bibliograf\u00eda:<\/strong><\/p>\n<ol>\n<li>Church S, Rogers E, Rockwood K, Theou O. A scoping review of the Clinical Frailty Scale. BMC Geriatr. 2020 Oct 7;20(1):393. <a href=\"https:\/\/pubmed.ncbi.nlm.nih.gov\/33028215\/\" target=\"_blank\" rel=\"noopener\">[Medline]<\/a><\/li>\n<li>Martin FC, O&#8217;Halloran AM. Tools for Assessing Frailty in Older People: General Concepts. Adv Exp Med Biol. 2020;1216:9-19. <a href=\"https:\/\/pubmed.ncbi.nlm.nih.gov\/31894542\/\" target=\"_blank\" rel=\"noopener\">[Medline]<\/a><\/li>\n<\/ol>\n<p>&nbsp;<\/p>\n<p>Creado Jul 20, 2022.<\/p>\n\n<div style=\"font-size: 0px; height: 0px; line-height: 0px; margin: 0; padding: 0; clear: both;\"><\/div>","protected":false},"excerpt":{"rendered":"<p>La noci\u00f3n general de fragilidad se entiende ampliamente como un estado de mayor vulnerabilidad a los factores estresantes, que sigue a la disminuci\u00f3n de la funci\u00f3n y las reservas relacionadas con la edad en m\u00faltiples sistemas fisiol\u00f3gicos. La fragilidad se caracteriza cl\u00ednicamente por una recuperaci\u00f3n m\u00e1s lenta y\/o incompleta de factores estresantes como infecci\u00f3n, lesi\u00f3n, [&hellip;]<\/p>\n","protected":false},"author":2,"featured_media":0,"comment_status":"closed","ping_status":"open","sticky":false,"template":"","format":"standard","meta":{"_lmt_disableupdate":"no","_lmt_disable":"no","_exactmetrics_skip_tracking":false,"_exactmetrics_sitenote_active":false,"_exactmetrics_sitenote_note":"","_exactmetrics_sitenote_category":0,"footnotes":""},"categories":[784],"tags":[657,656,452,2501,2500,2116,2111],"class_list":["post-9792","post","type-post","status-publish","format-standard","hentry","category-family-practice","tag-adultos","tag-adults","tag-escala","tag-fragilidad","tag-frailty","tag-mayores","tag-older"],"modified_by":"Guillermo Firman","_links":{"self":[{"href":"https:\/\/medicalcriteria.com\/web\/es\/wp-json\/wp\/v2\/posts\/9792","targetHints":{"allow":["GET"]}}],"collection":[{"href":"https:\/\/medicalcriteria.com\/web\/es\/wp-json\/wp\/v2\/posts"}],"about":[{"href":"https:\/\/medicalcriteria.com\/web\/es\/wp-json\/wp\/v2\/types\/post"}],"author":[{"embeddable":true,"href":"https:\/\/medicalcriteria.com\/web\/es\/wp-json\/wp\/v2\/users\/2"}],"replies":[{"embeddable":true,"href":"https:\/\/medicalcriteria.com\/web\/es\/wp-json\/wp\/v2\/comments?post=9792"}],"version-history":[{"count":16,"href":"https:\/\/medicalcriteria.com\/web\/es\/wp-json\/wp\/v2\/posts\/9792\/revisions"}],"predecessor-version":[{"id":10116,"href":"https:\/\/medicalcriteria.com\/web\/es\/wp-json\/wp\/v2\/posts\/9792\/revisions\/10116"}],"wp:attachment":[{"href":"https:\/\/medicalcriteria.com\/web\/es\/wp-json\/wp\/v2\/media?parent=9792"}],"wp:term":[{"taxonomy":"category","embeddable":true,"href":"https:\/\/medicalcriteria.com\/web\/es\/wp-json\/wp\/v2\/categories?post=9792"},{"taxonomy":"post_tag","embeddable":true,"href":"https:\/\/medicalcriteria.com\/web\/es\/wp-json\/wp\/v2\/tags?post=9792"}],"curies":[{"name":"wp","href":"https:\/\/api.w.org\/{rel}","templated":true}]}}