{"id":2341,"date":"2015-06-26T15:38:28","date_gmt":"2015-06-26T15:38:28","guid":{"rendered":"https:\/\/medicalcriteria.com\/web\/gerfast\/"},"modified":"2026-03-18T19:46:20","modified_gmt":"2026-03-18T19:46:20","slug":"gerfast","status":"publish","type":"post","link":"https:\/\/medicalcriteria.com\/web\/es\/gerfast\/","title":{"rendered":"Escala de Evaluaci\u00f3n Funcional (FAST)"},"content":{"rendered":"<div class=\"7ca9444b8380138fe077da07353677a4\" data-index=\"1\" style=\"float: none; margin:0px 0 0px 0; text-align:center;\">\n<script async src=\"https:\/\/pagead2.googlesyndication.com\/pagead\/js\/adsbygoogle.js\"><\/script>\r\n<!-- MC 2019- Horizontal -->\r\n<ins class=\"adsbygoogle\"\r\n     style=\"display:block\"\r\n     data-ad-client=\"ca-pub-0127150553352455\"\r\n     data-ad-slot=\"3806776041\"\r\n     data-ad-format=\"auto\"\r\n     data-full-width-responsive=\"true\"><\/ins>\r\n<script>\r\n     (adsbygoogle = window.adsbygoogle || []).push({});\r\n<\/script>\n<\/div>\n<p>La escala de FAST es una escala funcional dise\u00f1ada para evaluar a los pacientes en las\u00a0etapas\u00a0moderadas a severas de la demencia cuando el MMSE ya no puede reflejar los cambios en una manera cl\u00ednica significativa.<br \/>\n<!--more--><br \/>\n<b>Escala de Evaluaci\u00f3n Funcional (FAST)<\/b><\/p>\n<ol>\n<li>Adulto normal: Ninguna dificultad, ya sea subjetiva u objetiva.<\/li>\n<li>Normal adulto mayor: Se queja de olvidar ubicaci\u00f3n de los objetos. Dificultades de trabajo subjetivo.<\/li>\n<li>Demencia temprana: Disminuci\u00f3n evidente en el funcionamiento laboral para los compa\u00f1eros de trabajo. Dificultad para viajar a nuevos lugares. Disminuci\u00f3n de la capacidad de organizaci\u00f3n.<\/li>\n<li>Demencia leve: Disminuci\u00f3n de la capacidad para realizar tareas complejas (por ejemplo, la planificaci\u00f3n de la cena para los hu\u00e9spedes, el manejo de las finanzas personales, olvidarse de pagar facturas, etc.)<\/li>\n<li>Demencia moderada: Requiere asistencia en la elecci\u00f3n de la ropa adecuada para usar durante el d\u00eda, la estaci\u00f3n o la ocasi\u00f3n, (por ejemplo el paciente puede usar la misma ropa en varias ocasiones, a menos que sea supervisado).<\/li>\n<li>Demencia moderadamente severa: De vez en cuando o con mayor frecuencia en las \u00faltimas semanas, por lo siguiente:\n<ol>\n<li>disminuci\u00f3n de la habilidad de vestirse sin ayuda<\/li>\n<li>No se puede ba\u00f1ar adecuadamente (no puede elegir la temperatura del agua adecuada)<\/li>\n<li>Incapacidad para manejar la mec\u00e1nica de ir al ba\u00f1o (por ejemplo, se olvida de tirar la cadena, no se limpia adecuadamente o no puede desechar correctamente el papel higi\u00e9nico)<\/li>\n<li>Incontinencia urinaria<\/li>\n<li>Incontinencia fecal<\/li>\n<\/ol>\n<\/li>\n<li>Demencia severa:\n<ol>\n<li>Capacidad de hablar limitada a aproximadamente &lt;\/= 6 palabras diferentes inteligibles en el transcurso de un d\u00eda normal o en el curso de una entrevista intensiva.<\/li>\n<li>Capacidad de hablar limitada a la utilizaci\u00f3n de una sola palabra inteligible en un d\u00eda normal o en el curso de una entrevista intensiva<\/li>\n<li>Capacidad ambulatoria se pierde (no puede caminar sin ayuda personal)<\/li>\n<li>No puede sentarse sin ayuda (por ejemplo, el individuo se cae si no hay brazos laterales en la silla).<\/li>\n<li>P\u00e9rdida de la capacidad de sonre\u00edr.<\/li>\n<li>P\u00e9rdida de la capacidad para sostener la cabeza erguida.<\/li>\n<\/ol>\n<\/li>\n<\/ol>\n<p>&nbsp;<\/p>\n<p><b>Bibliograf\u00eda:<\/b><\/p>\n<ol>\n<li>Reisberg B. Functional assessment staging (FAST).\u00a0Psychopharmacol Bull. 1988;24(4):653-9.\u00a0<a href=\"https:\/\/pubmed.ncbi.nlm.nih.gov\/3249767\/\" target=\"_blank\" rel=\"noopener noreferrer\">[Medline]<\/a><\/li>\n<li>Na HR, Kim SY, Chang YH, Park MH, Cho ST, Han IW, Kim TY, Hwang SA. Functional assessment staging (FAST) in Korean patients with Alzheimer&#8217;s disease.\u00a0J Alzheimers Dis. 2010;22(1):151-8.\u00a0<a href=\"https:\/\/pubmed.ncbi.nlm.nih.gov\/20847407\/\" target=\"_blank\" rel=\"noopener noreferrer\">[Medline]<\/a><\/li>\n<li>Budin\u010devi\u0107 H, Me\u0161trovi\u0107 A, Demarin V. Stroke Scales as Assessment Tools in Emergency Settings: A Narrative Review. Medicina (Kaunas). 2022 Oct 27;58(11):1541. <a href=\"https:\/\/pubmed.ncbi.nlm.nih.gov\/36363498\/\" target=\"_blank\" rel=\"noopener\">[Medline]<\/a><\/li>\n<\/ol>\n<p>&nbsp;<\/p>\n<p>Creado Jul 22, 2015.<br \/>\nActualizado Mar 18, 2026.<\/p>\n\n<div style=\"font-size: 0px; height: 0px; line-height: 0px; margin: 0; padding: 0; clear: both;\"><\/div>","protected":false},"excerpt":{"rendered":"<p>La escala de FAST es una escala funcional dise\u00f1ada para evaluar a los pacientes en las\u00a0etapas\u00a0moderadas a severas de la demencia cuando el MMSE ya no puede reflejar los cambios en una manera cl\u00ednica significativa.<\/p>\n","protected":false},"author":2,"featured_media":0,"comment_status":"closed","ping_status":"open","sticky":false,"template":"","format":"standard","meta":{"_lmt_disableupdate":"no","_lmt_disable":"no","_exactmetrics_skip_tracking":false,"_exactmetrics_sitenote_active":false,"_exactmetrics_sitenote_note":"","_exactmetrics_sitenote_category":0,"footnotes":""},"categories":[784],"tags":[785,452,786,735,734,457],"class_list":["post-2341","post","type-post","status-publish","format-standard","hentry","category-family-practice","tag-assessment","tag-escala","tag-fast","tag-funcional","tag-functional","tag-scale"],"modified_by":"Guillermo Firman","_links":{"self":[{"href":"https:\/\/medicalcriteria.com\/web\/es\/wp-json\/wp\/v2\/posts\/2341","targetHints":{"allow":["GET"]}}],"collection":[{"href":"https:\/\/medicalcriteria.com\/web\/es\/wp-json\/wp\/v2\/posts"}],"about":[{"href":"https:\/\/medicalcriteria.com\/web\/es\/wp-json\/wp\/v2\/types\/post"}],"author":[{"embeddable":true,"href":"https:\/\/medicalcriteria.com\/web\/es\/wp-json\/wp\/v2\/users\/2"}],"replies":[{"embeddable":true,"href":"https:\/\/medicalcriteria.com\/web\/es\/wp-json\/wp\/v2\/comments?post=2341"}],"version-history":[{"count":4,"href":"https:\/\/medicalcriteria.com\/web\/es\/wp-json\/wp\/v2\/posts\/2341\/revisions"}],"predecessor-version":[{"id":10719,"href":"https:\/\/medicalcriteria.com\/web\/es\/wp-json\/wp\/v2\/posts\/2341\/revisions\/10719"}],"wp:attachment":[{"href":"https:\/\/medicalcriteria.com\/web\/es\/wp-json\/wp\/v2\/media?parent=2341"}],"wp:term":[{"taxonomy":"category","embeddable":true,"href":"https:\/\/medicalcriteria.com\/web\/es\/wp-json\/wp\/v2\/categories?post=2341"},{"taxonomy":"post_tag","embeddable":true,"href":"https:\/\/medicalcriteria.com\/web\/es\/wp-json\/wp\/v2\/tags?post=2341"}],"curies":[{"name":"wp","href":"https:\/\/api.w.org\/{rel}","templated":true}]}}